{"id":90780,"date":"2016-07-20T19:30:52","date_gmt":"2016-07-20T22:30:52","guid":{"rendered":"http:\/\/www.redenoticia.com.br\/noticia\/?p=90780"},"modified":"2016-07-20T17:17:51","modified_gmt":"2016-07-20T20:17:51","slug":"novela-cumplices-de-um-resgate-resumo-2107-matheus-resolve-seguir-sabrina","status":"publish","type":"post","link":"https:\/\/migracao.redenoticia.com.br\/noticia\/2016\/novela-cumplices-de-um-resgate-resumo-2107-matheus-resolve-seguir-sabrina\/90780","title":{"rendered":"Novela \u201cC\u00famplices de um Resgate\u201d resumo 21\/07: Matheus segue Sabrina"},"content":{"rendered":"<p><img loading=\"lazy\" decoding=\"async\" class=\"alignleft size-thumbnail wp-image-71351\" src=\"https:\/\/migracao.redenoticia.com.br\/noticia\/imagens\/cumplices_de_um_resgate_sbt_novela_resumo-150x112.jpg\" alt=\"cumplices_de_um_resgate_sbt_novela_resumo\" width=\"150\" height=\"112\" srcset=\"https:\/\/migracao.redenoticia.com.br\/noticia\/imagens\/cumplices_de_um_resgate_sbt_novela_resumo-150x112.jpg 150w, https:\/\/migracao.redenoticia.com.br\/noticia\/imagens\/cumplices_de_um_resgate_sbt_novela_resumo-265x198.jpg 265w\" sizes=\"auto, (max-width: 150px) 100vw, 150px\" \/><strong><em>Novela \u201cC\u00famplices de um Resgate\u201d resumo 21\/07<\/em><\/strong>:\u00a0Sabrina conta para Matheus que possui um segredo, e que agora vai ser dos dois. Ela diz que em seu tempo livre se transforma em Super Sabrina para ajudar quem precisa. Assim, ela diz que agora n\u00e3o \u00e9 apenas Manuela que possui um segredo. Matheus conversa com Sabrina e explica que basta ela ser ela mesma. Depois, Matheus resolve seguir Sabrina e descobre que ela mora em uma mans\u00e3o.<\/p>\n<p>No cap\u00edtulo 254(*), novela \u201cC\u00famplice de um Resgate\u201d, quinta-feira, 21 de julho \u2013 Joaquim, Julia e Felipe recebem de Of\u00e9lio um endere\u00e7o de onde Isabela pode estar. Sabrina conta para Matheus que possui um segredo que ser\u00e1 dos dois. No tempo livre ela se transforma em Super Sabrina para ajudar quem precisa.<\/p>\n<p>A garota diz que agora n\u00e3o \u00e9 apenas Manuela que possui um segredo. Matheus conversa com Sabrina e explica que basta ela ser ela mesma. Safira diz para o pai que sua principal suspeita dos desvios da gravadora \u00e9 a Regina.<\/p>\n<p>Matheus segue Sabrina e descobre que ela mora em uma mans\u00e3o. Marina diz para Fiorina que recuperou a mem\u00f3ria, mas que precisa ir atr\u00e1s de seu passado para resolver tudo. As duas se despedem. Nico continua a treinar a corrida de cavalo.<\/p>\n<p>(*) edi\u00e7\u00e3o do SBT, Novela \u201cC\u00famplices de um Resgate\u201d, sujeito a altera\u00e7\u00e3o de data e conte\u00fado.<\/p>\n","protected":false},"excerpt":{"rendered":"<p>Novela \u201cC\u00famplices de um Resgate\u201d resumo 21\/07:\u00a0Sabrina conta para Matheus que possui um segredo, e que agora vai ser dos dois. Ela diz que em seu tempo livre se transforma em Super Sabrina para ajudar quem precisa. Assim, ela diz que agora n\u00e3o \u00e9 apenas Manuela que possui um segredo. Matheus conversa com Sabrina e [&hellip;]<\/p>\n","protected":false},"author":4,"featured_media":71351,"comment_status":"open","ping_status":"closed","sticky":false,"template":"","format":"standard","meta":{"tdm_status":"","tdm_grid_status":"","footnotes":""},"categories":[379,372,343],"tags":[441],"class_list":{"0":"post-90780","1":"post","2":"type-post","3":"status-publish","4":"format-standard","5":"has-post-thumbnail","7":"category-novelas","8":"category-sbt","9":"category-televisao","10":"tag-resumo-do-dia"},"_links":{"self":[{"href":"https:\/\/migracao.redenoticia.com.br\/noticia\/wp-json\/wp\/v2\/posts\/90780","targetHints":{"allow":["GET"]}}],"collection":[{"href":"https:\/\/migracao.redenoticia.com.br\/noticia\/wp-json\/wp\/v2\/posts"}],"about":[{"href":"https:\/\/migracao.redenoticia.com.br\/noticia\/wp-json\/wp\/v2\/types\/post"}],"author":[{"embeddable":true,"href":"https:\/\/migracao.redenoticia.com.br\/noticia\/wp-json\/wp\/v2\/users\/4"}],"replies":[{"embeddable":true,"href":"https:\/\/migracao.redenoticia.com.br\/noticia\/wp-json\/wp\/v2\/comments?post=90780"}],"version-history":[{"count":0,"href":"https:\/\/migracao.redenoticia.com.br\/noticia\/wp-json\/wp\/v2\/posts\/90780\/revisions"}],"wp:featuredmedia":[{"embeddable":true,"href":"https:\/\/migracao.redenoticia.com.br\/noticia\/wp-json\/wp\/v2\/media\/71351"}],"wp:attachment":[{"href":"https:\/\/migracao.redenoticia.com.br\/noticia\/wp-json\/wp\/v2\/media?parent=90780"}],"wp:term":[{"taxonomy":"category","embeddable":true,"href":"https:\/\/migracao.redenoticia.com.br\/noticia\/wp-json\/wp\/v2\/categories?post=90780"},{"taxonomy":"post_tag","embeddable":true,"href":"https:\/\/migracao.redenoticia.com.br\/noticia\/wp-json\/wp\/v2\/tags?post=90780"}],"curies":[{"name":"wp","href":"https:\/\/api.w.org\/{rel}","templated":true}]}}