{"id":90790,"date":"2016-07-20T21:00:16","date_gmt":"2016-07-21T00:00:16","guid":{"rendered":"http:\/\/www.redenoticia.com.br\/noticia\/?p=90790"},"modified":"2016-07-20T17:20:53","modified_gmt":"2016-07-20T20:20:53","slug":"novela-a-garota-da-moto-resumo-2107-joana-habilidosamente-desarma-douglas","status":"publish","type":"post","link":"https:\/\/migracao.redenoticia.com.br\/noticia\/2016\/novela-a-garota-da-moto-resumo-2107-joana-habilidosamente-desarma-douglas\/90790","title":{"rendered":"Novela \u201cA Garota da Moto\u201d resumo 21\/07: Joana desarma Douglas"},"content":{"rendered":"<p><img loading=\"lazy\" decoding=\"async\" class=\"alignleft size-thumbnail wp-image-90196\" src=\"https:\/\/migracao.redenoticia.com.br\/noticia\/imagens\/A_Garota_da_Moto_SBT_Resumo_Novela-150x112.jpg\" alt=\"A_Garota_da_Moto_SBT_Resumo_Novela\" width=\"150\" height=\"112\" srcset=\"https:\/\/migracao.redenoticia.com.br\/noticia\/imagens\/A_Garota_da_Moto_SBT_Resumo_Novela-150x112.jpg 150w, https:\/\/migracao.redenoticia.com.br\/noticia\/imagens\/A_Garota_da_Moto_SBT_Resumo_Novela-265x198.jpg 265w\" sizes=\"auto, (max-width: 150px) 100vw, 150px\" \/><strong><em>Novela \u201cA Garota da Moto\u201d resumo 21\/07<\/em><\/strong>:\u00a0Joana vai fazer uma entrega no ateli\u00ea de um artista pl\u00e1stico que a convida a posar para ele. A grana \u00e9 boa, ela topa, mas Douglas, o pintor, se revela um homem perigoso, que aponta uma arma para ela. Joana habilidosamente desarma Douglas e escapa do c\u00e1rcere privado.<\/p>\n<p>No cap\u00edtulo 007 (*), novela \u201cA garota da Moto\u201d, quinta-feira, 21 de julho \u2013 Joana vai fazer uma entrega no ateli\u00ea de um artista pl\u00e1stico que a convida a posar para ele. A grana \u00e9 boa, ela topa, mas Douglas, o pintor, se revela um homem perigoso, que aponta uma arma para Joana. <\/p>\n<p>No Rio, Bernarda continua tentando dobrar o advogado, Miguel, desta vez usando a sedu\u00e7\u00e3o como arma. Miguel n\u00e3o cai nessa, e Bernarda n\u00e3o se conforma. <\/p>\n<p>Joana habilidosamente desarma Douglas e escapa do c\u00e1rcere privado. No botec\u00e3o, um presente de Mickey para Pam provoca um enorme mal-entendido.<\/p>\n<p>(*) edi\u00e7\u00e3o do SBT, Novela \u201cA Garota da Moto\u201d, sujeito a altera\u00e7\u00e3o de data e conte\u00fado.<\/p>\n","protected":false},"excerpt":{"rendered":"<p>Novela \u201cA Garota da Moto\u201d resumo 21\/07:\u00a0Joana vai fazer uma entrega no ateli\u00ea de um artista pl\u00e1stico que a convida a posar para ele. A grana \u00e9 boa, ela topa, mas Douglas, o pintor, se revela um homem perigoso, que aponta uma arma para ela. Joana habilidosamente desarma Douglas e escapa do c\u00e1rcere privado. No [&hellip;]<\/p>\n","protected":false},"author":4,"featured_media":90196,"comment_status":"open","ping_status":"closed","sticky":false,"template":"","format":"standard","meta":{"tdm_status":"","tdm_grid_status":"","footnotes":""},"categories":[379,372,343],"tags":[441],"class_list":{"0":"post-90790","1":"post","2":"type-post","3":"status-publish","4":"format-standard","5":"has-post-thumbnail","7":"category-novelas","8":"category-sbt","9":"category-televisao","10":"tag-resumo-do-dia"},"_links":{"self":[{"href":"https:\/\/migracao.redenoticia.com.br\/noticia\/wp-json\/wp\/v2\/posts\/90790","targetHints":{"allow":["GET"]}}],"collection":[{"href":"https:\/\/migracao.redenoticia.com.br\/noticia\/wp-json\/wp\/v2\/posts"}],"about":[{"href":"https:\/\/migracao.redenoticia.com.br\/noticia\/wp-json\/wp\/v2\/types\/post"}],"author":[{"embeddable":true,"href":"https:\/\/migracao.redenoticia.com.br\/noticia\/wp-json\/wp\/v2\/users\/4"}],"replies":[{"embeddable":true,"href":"https:\/\/migracao.redenoticia.com.br\/noticia\/wp-json\/wp\/v2\/comments?post=90790"}],"version-history":[{"count":0,"href":"https:\/\/migracao.redenoticia.com.br\/noticia\/wp-json\/wp\/v2\/posts\/90790\/revisions"}],"wp:featuredmedia":[{"embeddable":true,"href":"https:\/\/migracao.redenoticia.com.br\/noticia\/wp-json\/wp\/v2\/media\/90196"}],"wp:attachment":[{"href":"https:\/\/migracao.redenoticia.com.br\/noticia\/wp-json\/wp\/v2\/media?parent=90790"}],"wp:term":[{"taxonomy":"category","embeddable":true,"href":"https:\/\/migracao.redenoticia.com.br\/noticia\/wp-json\/wp\/v2\/categories?post=90790"},{"taxonomy":"post_tag","embeddable":true,"href":"https:\/\/migracao.redenoticia.com.br\/noticia\/wp-json\/wp\/v2\/tags?post=90790"}],"curies":[{"name":"wp","href":"https:\/\/api.w.org\/{rel}","templated":true}]}}