{"id":90792,"date":"2016-07-20T21:00:45","date_gmt":"2016-07-21T00:00:45","guid":{"rendered":"http:\/\/www.redenoticia.com.br\/noticia\/?p=90792"},"modified":"2016-07-20T17:23:09","modified_gmt":"2016-07-20T20:23:09","slug":"novela-velho-chico-resumo-2107-martim-vai-atras-de-fontes","status":"publish","type":"post","link":"https:\/\/migracao.redenoticia.com.br\/noticia\/2016\/novela-velho-chico-resumo-2107-martim-vai-atras-de-fontes\/90792","title":{"rendered":"Novela \u201cVelho Chico\u201d resumo 21\/07: Martim e Bento analisam provas de corrup\u00e7\u00e3o"},"content":{"rendered":"<p><img loading=\"lazy\" decoding=\"async\" class=\"alignleft size-thumbnail wp-image-82169\" src=\"https:\/\/migracao.redenoticia.com.br\/noticia\/imagens\/velho_chico_novela_resumo_globo-150x112.jpg\" alt=\"velho_chico_novela_resumo_globo\" width=\"150\" height=\"112\" srcset=\"https:\/\/migracao.redenoticia.com.br\/noticia\/imagens\/velho_chico_novela_resumo_globo-150x112.jpg 150w, https:\/\/migracao.redenoticia.com.br\/noticia\/imagens\/velho_chico_novela_resumo_globo-265x198.jpg 265w\" sizes=\"auto, (max-width: 150px) 100vw, 150px\" \/><strong><em>Novela \u201cVelho Chico\u201d resumo 21\/07<\/em><\/strong>:\u00a0ap\u00f3s v\u00e1rios desentendimentos, Bento conversa com \u00a0Martim e este lhe afirma que est\u00e1 ao seu lado e a favor do povo, para acabar com o reinado do Saru\u00ea. Ele at\u00e9 conta que saiu de casa justamente por conta das mortes de capit\u00e3o Ernesto Rosa e Belmiro. Bento acredita em suas palavras e resolve mostrar a ele os documentos que conseguiu na secretaria de Educa\u00e7\u00e3o sobre desvio de verbas. Assim, os dois se unem para desvendar o esquema de corrup\u00e7\u00e3o montado em Grotas por Afr\u00e2nio e Carlos Eduardo. Eles passam uma noite inteira juntos na casa de Bento estudando documentos. Martim vai atr\u00e1s de fontes que possam ajud\u00e1-los na investiga\u00e7\u00e3o.<\/p>\n<p>No cap\u00edtulo 112(*), novela \u201cVelho Chico\u201d, quinta-feira, 21 de julho \u2013 Iolanda incentiva Tereza a lutar para se divorciar de Carlos. Bento mostra a Martim as documenta\u00e7\u00f5es sobre as fraudes nas licita\u00e7\u00f5es da cidade. Encarna\u00e7\u00e3o exige saber de Afr\u00e2nio sobre os neg\u00f3cios escusos da fam\u00edlia.<\/p>\n<p>Dalva se declara para C\u00edcero. Dalva conta para Tereza sobre a briga em que Santo se envolveu por causa de Luzia. Isabel fica encantada com os desenhos que Sophie faz com as rendas. Encarna\u00e7\u00e3o manda Dalva e Doninha serem suas espi\u00e3s na casa. Afr\u00e2nio provoca Bento no bar.<\/p>\n<p>Martim contraria Afr\u00e2nio na frente de Bento. Lucas afirma a Isabel e Sophie que pode vender suas pe\u00e7as. Carlos se insinua para Luzia. Isabel questiona a m\u00e3e por estar conversando com Carlos.<\/p>\n<p>(*) edi\u00e7\u00e3o da Rede Globo, Novela \u201cVelho Chico\u201d, sujeito a altera\u00e7\u00e3o de data e conte\u00fado.<\/p>\n","protected":false},"excerpt":{"rendered":"<p>Novela \u201cVelho Chico\u201d resumo 21\/07:\u00a0ap\u00f3s v\u00e1rios desentendimentos, Bento conversa com \u00a0Martim e este lhe afirma que est\u00e1 ao seu lado e a favor do povo, para acabar com o reinado do Saru\u00ea. Ele at\u00e9 conta que saiu de casa justamente por conta das mortes de capit\u00e3o Ernesto Rosa e Belmiro. Bento acredita em suas palavras [&hellip;]<\/p>\n","protected":false},"author":4,"featured_media":82169,"comment_status":"open","ping_status":"closed","sticky":false,"template":"","format":"standard","meta":{"tdm_status":"","tdm_grid_status":"","footnotes":""},"categories":[379,375,343],"tags":[441],"class_list":{"0":"post-90792","1":"post","2":"type-post","3":"status-publish","4":"format-standard","5":"has-post-thumbnail","7":"category-novelas","8":"category-rede-globo","9":"category-televisao","10":"tag-resumo-do-dia"},"_links":{"self":[{"href":"https:\/\/migracao.redenoticia.com.br\/noticia\/wp-json\/wp\/v2\/posts\/90792","targetHints":{"allow":["GET"]}}],"collection":[{"href":"https:\/\/migracao.redenoticia.com.br\/noticia\/wp-json\/wp\/v2\/posts"}],"about":[{"href":"https:\/\/migracao.redenoticia.com.br\/noticia\/wp-json\/wp\/v2\/types\/post"}],"author":[{"embeddable":true,"href":"https:\/\/migracao.redenoticia.com.br\/noticia\/wp-json\/wp\/v2\/users\/4"}],"replies":[{"embeddable":true,"href":"https:\/\/migracao.redenoticia.com.br\/noticia\/wp-json\/wp\/v2\/comments?post=90792"}],"version-history":[{"count":0,"href":"https:\/\/migracao.redenoticia.com.br\/noticia\/wp-json\/wp\/v2\/posts\/90792\/revisions"}],"wp:featuredmedia":[{"embeddable":true,"href":"https:\/\/migracao.redenoticia.com.br\/noticia\/wp-json\/wp\/v2\/media\/82169"}],"wp:attachment":[{"href":"https:\/\/migracao.redenoticia.com.br\/noticia\/wp-json\/wp\/v2\/media?parent=90792"}],"wp:term":[{"taxonomy":"category","embeddable":true,"href":"https:\/\/migracao.redenoticia.com.br\/noticia\/wp-json\/wp\/v2\/categories?post=90792"},{"taxonomy":"post_tag","embeddable":true,"href":"https:\/\/migracao.redenoticia.com.br\/noticia\/wp-json\/wp\/v2\/tags?post=90792"}],"curies":[{"name":"wp","href":"https:\/\/api.w.org\/{rel}","templated":true}]}}