{"id":90803,"date":"2016-07-20T21:30:30","date_gmt":"2016-07-21T00:30:30","guid":{"rendered":"http:\/\/www.redenoticia.com.br\/noticia\/?p=90803"},"modified":"2016-07-20T17:25:26","modified_gmt":"2016-07-20T20:25:26","slug":"novela-liberdade-liberdade-resumo-2107-mimi-conta-que-branca-perdeu-o-bebe","status":"publish","type":"post","link":"https:\/\/migracao.redenoticia.com.br\/noticia\/2016\/novela-liberdade-liberdade-resumo-2107-mimi-conta-que-branca-perdeu-o-bebe\/90803","title":{"rendered":"Novela \u201cLiberdade, Liberdade\u201d resumo 21\/07: Joaquina agride e amea\u00e7a Branca"},"content":{"rendered":"<p><img loading=\"lazy\" decoding=\"async\" class=\"alignleft size-thumbnail wp-image-84052\" src=\"https:\/\/migracao.redenoticia.com.br\/noticia\/imagens\/novela_liberdade_globo_resumo-150x112.jpg\" alt=\"novela_liberdade_globo_resumo\" width=\"150\" height=\"112\" srcset=\"https:\/\/migracao.redenoticia.com.br\/noticia\/imagens\/novela_liberdade_globo_resumo-150x112.jpg 150w, https:\/\/migracao.redenoticia.com.br\/noticia\/imagens\/novela_liberdade_globo_resumo-265x198.jpg 265w\" sizes=\"auto, (max-width: 150px) 100vw, 150px\" \/><strong><em>Novela \u201cLiberdade, Liberdade\u201d resumo 21\/07:\u00a0<\/em><\/strong>Mimi ouve uma conversa de Branca, onde diz que pretende mat\u00e1-la depois que ela der \u00e0 luz. A ex-prostituta consegue fugir e recebe ajuda de M\u00e3o de Luva, que a leva at\u00e9 Andr\u00e9 e Joaquina. L\u00e1, na ch\u00e1cara dos Raposo, Mimi conta que Branca perdeu o beb\u00ea que esperava antes do casamento e esta a usar uma barriga falsa. Ela revela tamb\u00e9m que foi enganada, pois a loira prometeu dar uma vida de pr\u00edncipe para seu filho e torn\u00e1-la sua dama de companhia. Furiosa, Joaquina\/Rosa vai \u00e0 casa da megera para um acerto de contas. Ela d\u00e1 uma surra em Branca, avisa que Xavier vai saber que est\u00e1 a ser enganado e que ela pretendia matar a prostituta para ficar com seu beb\u00ea como se fosse o filho deles.<\/p>\n<p>No cap\u00edtulo 059 (*), novela \u201cLiberdade, Liberdade\u201d, quinta-feira, 21 de julho \u2013 Rubi\u00e3o comemora seu casamento com Joaquina\/Rosa. Ega cumprimenta Joaquina\/Rosa por seu casamento.<\/p>\n<p>O bando de M\u00e3o de Luva salva Mimi e rouba a fazenda de Branca e Luzia. Virg\u00ednia e Xavier pensam em libertar Dimas\/Padre Vizeu da cadeia, contrariando as ordens de Alexandra.<\/p>\n<p>Tolentino alerta Rubi\u00e3o sobre os planos de Ega. Jacinta se vinga de Malveiro. Mimi procura Andr\u00e9. Virg\u00ednia arma para descobrir as verdadeiras inten\u00e7\u00f5es de Ega, com a ajuda de Anita. Joaquina\/Rosa descobre o golpe de Branca e a enfrenta.<\/p>\n<p>(*) edi\u00e7\u00e3o da Rede Globo, Novela \u201cLiberdade, Liberdade\u201d, sujeito a altera\u00e7\u00e3o de data e conte\u00fado.<\/p>\n","protected":false},"excerpt":{"rendered":"<p>Novela \u201cLiberdade, Liberdade\u201d resumo 21\/07:\u00a0Mimi ouve uma conversa de Branca, onde diz que pretende mat\u00e1-la depois que ela der \u00e0 luz. A ex-prostituta consegue fugir e recebe ajuda de M\u00e3o de Luva, que a leva at\u00e9 Andr\u00e9 e Joaquina. L\u00e1, na ch\u00e1cara dos Raposo, Mimi conta que Branca perdeu o beb\u00ea que esperava antes do [&hellip;]<\/p>\n","protected":false},"author":4,"featured_media":84052,"comment_status":"open","ping_status":"closed","sticky":false,"template":"","format":"standard","meta":{"tdm_status":"","tdm_grid_status":"","footnotes":""},"categories":[379,375,343],"tags":[441],"class_list":{"0":"post-90803","1":"post","2":"type-post","3":"status-publish","4":"format-standard","5":"has-post-thumbnail","7":"category-novelas","8":"category-rede-globo","9":"category-televisao","10":"tag-resumo-do-dia"},"_links":{"self":[{"href":"https:\/\/migracao.redenoticia.com.br\/noticia\/wp-json\/wp\/v2\/posts\/90803","targetHints":{"allow":["GET"]}}],"collection":[{"href":"https:\/\/migracao.redenoticia.com.br\/noticia\/wp-json\/wp\/v2\/posts"}],"about":[{"href":"https:\/\/migracao.redenoticia.com.br\/noticia\/wp-json\/wp\/v2\/types\/post"}],"author":[{"embeddable":true,"href":"https:\/\/migracao.redenoticia.com.br\/noticia\/wp-json\/wp\/v2\/users\/4"}],"replies":[{"embeddable":true,"href":"https:\/\/migracao.redenoticia.com.br\/noticia\/wp-json\/wp\/v2\/comments?post=90803"}],"version-history":[{"count":0,"href":"https:\/\/migracao.redenoticia.com.br\/noticia\/wp-json\/wp\/v2\/posts\/90803\/revisions"}],"wp:featuredmedia":[{"embeddable":true,"href":"https:\/\/migracao.redenoticia.com.br\/noticia\/wp-json\/wp\/v2\/media\/84052"}],"wp:attachment":[{"href":"https:\/\/migracao.redenoticia.com.br\/noticia\/wp-json\/wp\/v2\/media?parent=90803"}],"wp:term":[{"taxonomy":"category","embeddable":true,"href":"https:\/\/migracao.redenoticia.com.br\/noticia\/wp-json\/wp\/v2\/categories?post=90803"},{"taxonomy":"post_tag","embeddable":true,"href":"https:\/\/migracao.redenoticia.com.br\/noticia\/wp-json\/wp\/v2\/tags?post=90803"}],"curies":[{"name":"wp","href":"https:\/\/api.w.org\/{rel}","templated":true}]}}