{"id":90807,"date":"2016-07-20T20:19:56","date_gmt":"2016-07-20T23:19:56","guid":{"rendered":"http:\/\/www.redenoticia.com.br\/noticia\/?p=90807"},"modified":"2016-07-20T16:32:45","modified_gmt":"2016-07-20T19:32:45","slug":"novela-a-terra-prometida-resumo-2107-aruna-se-irrita-com-o-ciume-de-samara","status":"publish","type":"post","link":"https:\/\/migracao.redenoticia.com.br\/noticia\/2016\/novela-a-terra-prometida-resumo-2107-aruna-se-irrita-com-o-ciume-de-samara\/90807","title":{"rendered":"Novela \u201cA Terra Prometida\u201d resumo 21\/07: Aruna se irrita com o ci\u00fame de Samara"},"content":{"rendered":"<p> <img loading=\"lazy\" decoding=\"async\" class=\"alignleft size-thumbnail wp-image-89446\" src=\"https:\/\/migracao.redenoticia.com.br\/noticia\/imagens\/a-terra-prometida-novela-record-resumo-150x112.jpg\" alt=\"a-terra-prometida-novela-record-resumo\" width=\"150\" height=\"112\" srcset=\"https:\/\/migracao.redenoticia.com.br\/noticia\/imagens\/a-terra-prometida-novela-record-resumo-150x112.jpg 150w, https:\/\/migracao.redenoticia.com.br\/noticia\/imagens\/a-terra-prometida-novela-record-resumo-265x198.jpg 265w\" sizes=\"auto, (max-width: 150px) 100vw, 150px\" \/><strong><em>Novela \u201cA Terra Prometida\u201d resumo 21\/07<\/em><\/strong>: Josu\u00e9 e Aruna n\u00e3o conseguem dormir, pensando um no outro. Ela se levanta e vai tomar um copo d\u2019\u00e1gua. O l\u00edder dos hebreus escuta um barulho e vai verificar. Aruna percebe que algu\u00e9m se aproxima e consegue sair sem ser percebida. Josu\u00e9 procura por algu\u00e9m do lado de fora de sua tenda. Desconfiada da estranha movimenta\u00e7\u00e3o, ela pega sua espada e sai em dire\u00e7\u00e3o \u00e0 cozinha. Aruna nota que algu\u00e9m se aproxima e se posiciona para atacar. Do lado de fora da tenda, Josu\u00e9 percebe a silhueta de algu\u00e9m empunhando uma espada no interior da moradia e se aproxima devagar. Eles finalmente notam que n\u00e3o se trata de um inimigo. L\u00e9ia e Samara chegam e estranham a situa\u00e7\u00e3o. Aruna se irrita com o ci\u00fame de Samara e resolve deixa-la sozinha. <\/p>\n<p>No capitulo 013(*), novela \u201cA Terra Prometida\u201d, quinta-feira, 21 de julho &#8211; Durgal se surpreende ao notar que Marek est\u00e1 dentro do aposento. O rei de Hai se desculpa e sai constrangido. Marek diz amar Kalesi e pede para a festa come\u00e7ar. Ion\u00e1 ajuda El\u00f3i a voltar para a tenda. Inconveniente, Mara diz que o genro pode ser um traidor. Ai\u00fade diz que a esposa deve apoia-los. Ion\u00e1 e El\u00f3i trocam palavras de amor. O criado de Josu\u00e9 se assusta ao ver que est\u00e3o arremessando pedras em sua tenda. O l\u00edder dos hebreus conversa com Aruna. Ele reclama da atitude impulsiva da mo\u00e7a. Samara chega e finge ser prestativa. <\/p>\n<p>A vil\u00e3 conversa com L\u00e9ia e diz estar feliz por Josu\u00e9 ter chamado a aten\u00e7\u00e3o de Aruna. Raabe despista os soldados cananeus e consegue dar \u00e1gua para Melquias. Ela \u00e9 observada por algu\u00e9m. Enquanto anda pelas ruas, a prostituta \u00e9 surpreendida com um homem lhe segurando o bra\u00e7o. Josu\u00e9 e Aruna n\u00e3o conseguem dormir, pensando um no outro. Ela se levanta e vai tomar um copo d\u2019\u00e1gua. O l\u00edder dos hebreus escuta um barulho e vai verificar. Aruna percebe que algu\u00e9m se aproxima e consegue sair sem ser percebida. Josu\u00e9 procura por algu\u00e9m do lado de fora de sua tenda. <\/p>\n<p>Desconfiada da estranha movimenta\u00e7\u00e3o, ela pega sua espada e sai em dire\u00e7\u00e3o \u00e0 cozinha. Aruna nota que algu\u00e9m se aproxima e se posiciona para atacar. Do lado de fora da tenda, Josu\u00e9 percebe a silhueta de algu\u00e9m empunhando uma espada no interior da moradia e se aproxima devagar. Eles finalmente notam que n\u00e3o se trata de um inimigo. L\u00e9ia e Samara chegam e estranham a situa\u00e7\u00e3o. Aruna se irrita com o ci\u00fame de Samara e resolve deixa-la sozinha. Raabe se tranquiliza ao ver que \u00e9 Salmon quem segurou seu bra\u00e7o. Ele revela ser um hebreu. Raabe promete ajuda-lo. Aruna tenta relaxar e acaba pensando em Josu\u00e9. O l\u00edder hebreu se anima ao lembrar-se da conversa com Deus.<\/p>\n<p>(*) edi\u00e7\u00e3o da Rede Record, Novela \u201cA Terra Prometida\u201d, sujeito a altera\u00e7\u00e3o de data e conte\u00fado. <\/p>\n","protected":false},"excerpt":{"rendered":"<p>Novela \u201cA Terra Prometida\u201d resumo 21\/07: Josu\u00e9 e Aruna n\u00e3o conseguem dormir, pensando um no outro. Ela se levanta e vai tomar um copo d\u2019\u00e1gua. O l\u00edder dos hebreus escuta um barulho e vai verificar. Aruna percebe que algu\u00e9m se aproxima e consegue sair sem ser percebida. Josu\u00e9 procura por algu\u00e9m do lado de fora [&hellip;]<\/p>\n","protected":false},"author":2,"featured_media":89446,"comment_status":"open","ping_status":"closed","sticky":false,"template":"","format":"standard","meta":{"tdm_status":"","tdm_grid_status":"","footnotes":""},"categories":[446,379,371,343],"tags":[441],"class_list":{"0":"post-90807","1":"post","2":"type-post","3":"status-publish","4":"format-standard","5":"has-post-thumbnail","7":"category-a-terra-prometida","8":"category-novelas","9":"category-rede-record","10":"category-televisao","11":"tag-resumo-do-dia"},"_links":{"self":[{"href":"https:\/\/migracao.redenoticia.com.br\/noticia\/wp-json\/wp\/v2\/posts\/90807","targetHints":{"allow":["GET"]}}],"collection":[{"href":"https:\/\/migracao.redenoticia.com.br\/noticia\/wp-json\/wp\/v2\/posts"}],"about":[{"href":"https:\/\/migracao.redenoticia.com.br\/noticia\/wp-json\/wp\/v2\/types\/post"}],"author":[{"embeddable":true,"href":"https:\/\/migracao.redenoticia.com.br\/noticia\/wp-json\/wp\/v2\/users\/2"}],"replies":[{"embeddable":true,"href":"https:\/\/migracao.redenoticia.com.br\/noticia\/wp-json\/wp\/v2\/comments?post=90807"}],"version-history":[{"count":0,"href":"https:\/\/migracao.redenoticia.com.br\/noticia\/wp-json\/wp\/v2\/posts\/90807\/revisions"}],"wp:featuredmedia":[{"embeddable":true,"href":"https:\/\/migracao.redenoticia.com.br\/noticia\/wp-json\/wp\/v2\/media\/89446"}],"wp:attachment":[{"href":"https:\/\/migracao.redenoticia.com.br\/noticia\/wp-json\/wp\/v2\/media?parent=90807"}],"wp:term":[{"taxonomy":"category","embeddable":true,"href":"https:\/\/migracao.redenoticia.com.br\/noticia\/wp-json\/wp\/v2\/categories?post=90807"},{"taxonomy":"post_tag","embeddable":true,"href":"https:\/\/migracao.redenoticia.com.br\/noticia\/wp-json\/wp\/v2\/tags?post=90807"}],"curies":[{"name":"wp","href":"https:\/\/api.w.org\/{rel}","templated":true}]}}