{"id":9083,"date":"2009-08-19T11:37:29","date_gmt":"2009-08-19T15:37:29","guid":{"rendered":"http:\/\/www.redenoticia.com.br\/noticia\/?p=9083"},"modified":"2009-08-19T11:37:29","modified_gmt":"2009-08-19T15:37:29","slug":"furacao-bill-ganha-ainda-mais-forca-no-atlantico","status":"publish","type":"post","link":"https:\/\/migracao.redenoticia.com.br\/noticia\/2009\/furacao-bill-ganha-ainda-mais-forca-no-atlantico\/9083","title":{"rendered":"Furac\u00e3o Bill ganha ainda mais for\u00e7a no atl\u00e2ntico"},"content":{"rendered":"<p>O furac\u00e3o Bill, que se formou no \u00faltimo fim de semana em alto-mar no Oceano Atl\u00e2ntico, se intensificou ainda mais nesta madrugada e agora mant\u00e9m ventos na ordem dos 215km\/h, classificado na categoria 4 na escala Saffir-Simpson de classifica\u00e7\u00e3o de furac\u00f5es.\u00a0<\/p>\n<p>Segundo previs\u00f5es do Centro Nacional de Furac\u00f5es dos Estados Unidos, Bill possui 280 quil\u00f4metros de di\u00e2metro e est\u00e1 poscionado a 740 km a nordeste das Pequenas Antilhas, no Caribe. Por\u00e9m, Bill n\u00e3o vai se encaminhar diretamente para l\u00e1 e sim para noroeste, rumo \u00e0s Ilhas Bermudas. Mesmo assim, esperam-se chuvas e ventos fortes no territ\u00f3rio caribenho desde a Dominica at\u00e9 as Ilhas Virgens nas pr\u00f3ximas 24 horas.<\/p>\n<p>A expectativa \u00e9 de que Bill alcance as Bermudas at\u00e9 a pr\u00f3xima sexta-feira. Por enquanto, n\u00e3o h\u00e1 alertas para qualquer parte dos Estados Unidos.<\/p>\n<p>E em S\u00e3o Paulo acontece outro fen\u00f4meno clim\u00e1tico, segundo Instituto Nacional de Meteorologia, das 9h de ter\u00e7a-feira at\u00e9 9h desta quarta-feira, foram acumulados 41,5 mil\u00edmetros de chuva no Mirante de Santana, na zona norte da cidade de S\u00e3o Paulo. Normalmente, este total j\u00e1 seria elevado para um per\u00edodo de 24 horas, mas para agosto tem um significado ainda maior porque a m\u00e9dia de chuva para o m\u00eas \u00e9 de aproximadamente 37 mil\u00edmetros, como explicam os meteorologistas da Climatempo. Ou seja: em um dia, a capital paulista recebeu mais chuva do que em geral \u00e9 registrada durante todo o m\u00eas de agosto.<\/p>\n","protected":false},"excerpt":{"rendered":"<p>O furac\u00e3o Bill, que se formou no \u00faltimo fim de semana em alto-mar no Oceano Atl\u00e2ntico, se intensificou ainda mais nesta madrugada e agora mant\u00e9m ventos na ordem dos 215km\/h, classificado na categoria 4 na escala Saffir-Simpson de classifica\u00e7\u00e3o de furac\u00f5es.\u00a0 Segundo previs\u00f5es do Centro Nacional de Furac\u00f5es dos Estados Unidos, Bill possui 280 quil\u00f4metros [&hellip;]<\/p>\n","protected":false},"author":3,"featured_media":0,"comment_status":"open","ping_status":"open","sticky":false,"template":"","format":"standard","meta":{"tdm_status":"","tdm_grid_status":"","footnotes":""},"categories":[22,327],"tags":[],"class_list":{"0":"post-9083","1":"post","2":"type-post","3":"status-publish","4":"format-standard","6":"category-brasil","7":"category-clima"},"_links":{"self":[{"href":"https:\/\/migracao.redenoticia.com.br\/noticia\/wp-json\/wp\/v2\/posts\/9083","targetHints":{"allow":["GET"]}}],"collection":[{"href":"https:\/\/migracao.redenoticia.com.br\/noticia\/wp-json\/wp\/v2\/posts"}],"about":[{"href":"https:\/\/migracao.redenoticia.com.br\/noticia\/wp-json\/wp\/v2\/types\/post"}],"author":[{"embeddable":true,"href":"https:\/\/migracao.redenoticia.com.br\/noticia\/wp-json\/wp\/v2\/users\/3"}],"replies":[{"embeddable":true,"href":"https:\/\/migracao.redenoticia.com.br\/noticia\/wp-json\/wp\/v2\/comments?post=9083"}],"version-history":[{"count":0,"href":"https:\/\/migracao.redenoticia.com.br\/noticia\/wp-json\/wp\/v2\/posts\/9083\/revisions"}],"wp:attachment":[{"href":"https:\/\/migracao.redenoticia.com.br\/noticia\/wp-json\/wp\/v2\/media?parent=9083"}],"wp:term":[{"taxonomy":"category","embeddable":true,"href":"https:\/\/migracao.redenoticia.com.br\/noticia\/wp-json\/wp\/v2\/categories?post=9083"},{"taxonomy":"post_tag","embeddable":true,"href":"https:\/\/migracao.redenoticia.com.br\/noticia\/wp-json\/wp\/v2\/tags?post=9083"}],"curies":[{"name":"wp","href":"https:\/\/api.w.org\/{rel}","templated":true}]}}