{"id":90860,"date":"2016-07-21T10:38:41","date_gmt":"2016-07-21T13:38:41","guid":{"rendered":"http:\/\/www.redenoticia.com.br\/noticia\/?p=90860"},"modified":"2016-07-20T19:39:12","modified_gmt":"2016-07-20T22:39:12","slug":"alunos-da-rede-estadual-sp-podem-se-inscrever-em-curso-on-line-de-mandarim","status":"publish","type":"post","link":"https:\/\/migracao.redenoticia.com.br\/noticia\/2016\/alunos-da-rede-estadual-sp-podem-se-inscrever-em-curso-on-line-de-mandarim\/90860","title":{"rendered":"Alunos da rede estadual SP podem se inscrever em curso on-line de mandarim"},"content":{"rendered":"<p> Os alunos da rede estadual paulista j\u00e1 podem se inscrever no curso do idioma mais falado do mundo. Est\u00e3o abertas as inscri\u00e7\u00f5es para <strong><em>curso on-line de mandarim<\/em><\/strong> para o 2\u00ba semestre. A a\u00e7\u00e3o \u00e9 uma parceria entre a Secretaria da Educa\u00e7\u00e3o e a Universia. <\/p>\n<p>Os estudantes interessados em participar devem se inscrever na p\u00e1gina da . As inscri\u00e7\u00f5es para o curso v\u00e3o at\u00e9 o dia 3 de agosto ou at\u00e9 o preenchimento total das 192 vagas ofertadas.<\/p>\n<p>Podem participar do curso alunos do Ensino M\u00e9dio e da Educa\u00e7\u00e3o de Jovens e Adultos (EJA). A iniciativa possui carga hor\u00e1ria de 80 horas, divididas em dez m\u00f3dulos. A previs\u00e3o de in\u00edcio das aulas, que ser\u00e3o realizadas por meio do site da Universia, \u00e9 na segunda quinzena de agosto.<\/p>\n<p>L\u00edngua oficial da Rep\u00fablica Popular da China e de Taiwan, o dialeto possui mais de 20 mil caracteres. Diferente do portugu\u00eas, no mandarim n\u00e3o h\u00e1 conjuga\u00e7\u00e3o de verbos e os substantivos n\u00e3o s\u00e3o flexionados de acordo com o g\u00eanero. Outra diferen\u00e7a fundamental \u00e9 a varia\u00e7\u00e3o de tons capaz de mudar o significado completo das palavras.<\/p>\n<p>Conv\u00eanio com a Universia<br \/>\nO conv\u00eanio n\u00e3o oneroso com a rede estadual de S\u00e3o Paulo prev\u00ea ainda o ensino da l\u00edngua a partir da comunica\u00e7\u00e3o escrita e oral dos estudantes. Em sintonia com os outros cursos oferecidos pela Educa\u00e7\u00e3o, o foco tamb\u00e9m \u00e9 o acesso a express\u00f5es culturais e \u00e0 hist\u00f3ria milenar do povo chin\u00eas. Todo o curso \u00e9 feito na plataforma on-line da Universia e conta com suporte t\u00e9cnico.<\/p>\n<p>Do Portal do Governo do Estado SP<\/p>\n","protected":false},"excerpt":{"rendered":"<p>Os alunos da rede estadual paulista j\u00e1 podem se inscrever no curso do idioma mais falado do mundo. Est\u00e3o abertas as inscri\u00e7\u00f5es para curso on-line de mandarim para o 2\u00ba semestre. A a\u00e7\u00e3o \u00e9 uma parceria entre a Secretaria da Educa\u00e7\u00e3o e a Universia. Os estudantes interessados em participar devem se inscrever na p\u00e1gina da [&hellip;]<\/p>\n","protected":false},"author":2,"featured_media":57577,"comment_status":"open","ping_status":"closed","sticky":false,"template":"","format":"standard","meta":{"tdm_status":"","tdm_grid_status":"","footnotes":""},"categories":[22,351,370],"tags":[],"class_list":{"0":"post-90860","1":"post","2":"type-post","3":"status-publish","4":"format-standard","5":"has-post-thumbnail","7":"category-brasil","8":"category-cursos","9":"category-inscricao"},"_links":{"self":[{"href":"https:\/\/migracao.redenoticia.com.br\/noticia\/wp-json\/wp\/v2\/posts\/90860","targetHints":{"allow":["GET"]}}],"collection":[{"href":"https:\/\/migracao.redenoticia.com.br\/noticia\/wp-json\/wp\/v2\/posts"}],"about":[{"href":"https:\/\/migracao.redenoticia.com.br\/noticia\/wp-json\/wp\/v2\/types\/post"}],"author":[{"embeddable":true,"href":"https:\/\/migracao.redenoticia.com.br\/noticia\/wp-json\/wp\/v2\/users\/2"}],"replies":[{"embeddable":true,"href":"https:\/\/migracao.redenoticia.com.br\/noticia\/wp-json\/wp\/v2\/comments?post=90860"}],"version-history":[{"count":0,"href":"https:\/\/migracao.redenoticia.com.br\/noticia\/wp-json\/wp\/v2\/posts\/90860\/revisions"}],"wp:featuredmedia":[{"embeddable":true,"href":"https:\/\/migracao.redenoticia.com.br\/noticia\/wp-json\/wp\/v2\/media\/57577"}],"wp:attachment":[{"href":"https:\/\/migracao.redenoticia.com.br\/noticia\/wp-json\/wp\/v2\/media?parent=90860"}],"wp:term":[{"taxonomy":"category","embeddable":true,"href":"https:\/\/migracao.redenoticia.com.br\/noticia\/wp-json\/wp\/v2\/categories?post=90860"},{"taxonomy":"post_tag","embeddable":true,"href":"https:\/\/migracao.redenoticia.com.br\/noticia\/wp-json\/wp\/v2\/tags?post=90860"}],"curies":[{"name":"wp","href":"https:\/\/api.w.org\/{rel}","templated":true}]}}