{"id":90885,"date":"2016-07-21T21:00:06","date_gmt":"2016-07-22T00:00:06","guid":{"rendered":"http:\/\/www.redenoticia.com.br\/noticia\/?p=90885"},"modified":"2016-07-21T17:05:45","modified_gmt":"2016-07-21T20:05:45","slug":"novela-a-garota-da-moto-resumo-2207-liege-aparece-de-surpresa-e-atrapalha-tudo","status":"publish","type":"post","link":"https:\/\/migracao.redenoticia.com.br\/noticia\/2016\/novela-a-garota-da-moto-resumo-2207-liege-aparece-de-surpresa-e-atrapalha-tudo\/90885","title":{"rendered":"Novela \u201cA Garota da Moto\u201d resumo 22\/07: Liege atrapalha plano de Bernarda"},"content":{"rendered":"<p><img loading=\"lazy\" decoding=\"async\" class=\"alignleft size-thumbnail wp-image-90196\" src=\"https:\/\/migracao.redenoticia.com.br\/noticia\/imagens\/A_Garota_da_Moto_SBT_Resumo_Novela-150x112.jpg\" alt=\"A_Garota_da_Moto_SBT_Resumo_Novela\" width=\"150\" height=\"112\" srcset=\"https:\/\/migracao.redenoticia.com.br\/noticia\/imagens\/A_Garota_da_Moto_SBT_Resumo_Novela-150x112.jpg 150w, https:\/\/migracao.redenoticia.com.br\/noticia\/imagens\/A_Garota_da_Moto_SBT_Resumo_Novela-265x198.jpg 265w\" sizes=\"auto, (max-width: 150px) 100vw, 150px\" \/><strong><em>Novela \u201cA Garota da Moto\u201d resumo 22\/07<\/em><\/strong>: como Miguel n\u00e3o cai nas investidas de Bernarda, esta resolve se livrar dele. Ent\u00e3o, Bernarda o convida para um almo\u00e7o, onde pretende lev\u00e1-lo para uma armadilha que ela arma com Dinho. Mas Liege aparece de surpresa e atrapalha tudo.<\/p>\n<p>No cap\u00edtulo 008 (*), novela \u201cA garota da Mota\u201d, sexta-feira, 22 de julho \u2013 a aventura de Joana neste epis\u00f3dio \u00e9 uma aventura que muitos pais e m\u00e3es conhecem: ajudar um filho com problemas na escola.<\/p>\n<p>Nico precisa que Joana o ajude com a li\u00e7\u00e3o, mas quem disse que ela d\u00e1 conta, com tantos problemas na vida? Falando em problemas, Bernarda resolveu se livrar de um dos seus, Miguel.<\/p>\n<p>Ela o convida para um almo\u00e7o, pretendendo lev\u00e1-lo para uma armadilha que ela arma com Dinho. Mas Liege aparece de surpresa e atrapalha tudo.<\/p>\n<p>(*) edi\u00e7\u00e3o do SBT, Novela \u201cA Garota da Moto\u201d, sujeito a altera\u00e7\u00e3o de data e conte\u00fado.<\/p>\n","protected":false},"excerpt":{"rendered":"<p>Novela \u201cA Garota da Moto\u201d resumo 22\/07: como Miguel n\u00e3o cai nas investidas de Bernarda, esta resolve se livrar dele. Ent\u00e3o, Bernarda o convida para um almo\u00e7o, onde pretende lev\u00e1-lo para uma armadilha que ela arma com Dinho. Mas Liege aparece de surpresa e atrapalha tudo. No cap\u00edtulo 008 (*), novela \u201cA garota da Mota\u201d, [&hellip;]<\/p>\n","protected":false},"author":4,"featured_media":90196,"comment_status":"open","ping_status":"closed","sticky":false,"template":"","format":"standard","meta":{"tdm_status":"","tdm_grid_status":"","footnotes":""},"categories":[379,372,343],"tags":[441],"class_list":{"0":"post-90885","1":"post","2":"type-post","3":"status-publish","4":"format-standard","5":"has-post-thumbnail","7":"category-novelas","8":"category-sbt","9":"category-televisao","10":"tag-resumo-do-dia"},"_links":{"self":[{"href":"https:\/\/migracao.redenoticia.com.br\/noticia\/wp-json\/wp\/v2\/posts\/90885","targetHints":{"allow":["GET"]}}],"collection":[{"href":"https:\/\/migracao.redenoticia.com.br\/noticia\/wp-json\/wp\/v2\/posts"}],"about":[{"href":"https:\/\/migracao.redenoticia.com.br\/noticia\/wp-json\/wp\/v2\/types\/post"}],"author":[{"embeddable":true,"href":"https:\/\/migracao.redenoticia.com.br\/noticia\/wp-json\/wp\/v2\/users\/4"}],"replies":[{"embeddable":true,"href":"https:\/\/migracao.redenoticia.com.br\/noticia\/wp-json\/wp\/v2\/comments?post=90885"}],"version-history":[{"count":0,"href":"https:\/\/migracao.redenoticia.com.br\/noticia\/wp-json\/wp\/v2\/posts\/90885\/revisions"}],"wp:featuredmedia":[{"embeddable":true,"href":"https:\/\/migracao.redenoticia.com.br\/noticia\/wp-json\/wp\/v2\/media\/90196"}],"wp:attachment":[{"href":"https:\/\/migracao.redenoticia.com.br\/noticia\/wp-json\/wp\/v2\/media?parent=90885"}],"wp:term":[{"taxonomy":"category","embeddable":true,"href":"https:\/\/migracao.redenoticia.com.br\/noticia\/wp-json\/wp\/v2\/categories?post=90885"},{"taxonomy":"post_tag","embeddable":true,"href":"https:\/\/migracao.redenoticia.com.br\/noticia\/wp-json\/wp\/v2\/tags?post=90885"}],"curies":[{"name":"wp","href":"https:\/\/api.w.org\/{rel}","templated":true}]}}