{"id":90886,"date":"2016-07-21T15:20:58","date_gmt":"2016-07-21T18:20:58","guid":{"rendered":"http:\/\/www.redenoticia.com.br\/noticia\/?p=90886"},"modified":"2016-07-21T15:20:58","modified_gmt":"2016-07-21T18:20:58","slug":"novela-chamas-da-vida-resumo-2207-margareth-avisa-demoro-que-pedro-foi-preso","status":"publish","type":"post","link":"https:\/\/migracao.redenoticia.com.br\/noticia\/2016\/novela-chamas-da-vida-resumo-2207-margareth-avisa-demoro-que-pedro-foi-preso\/90886","title":{"rendered":"Novela \u201cChamas da Vida\u201d resumo 22\/07: Margareth avisa Demoro que Pedro foi preso"},"content":{"rendered":"<p> <img loading=\"lazy\" decoding=\"async\" class=\"alignleft size-thumbnail wp-image-82020\" src=\"https:\/\/migracao.redenoticia.com.br\/noticia\/imagens\/chamas_da_vida_resumo_novela-150x112.jpeg\" alt=\"chamas_da_vida_resumo_novela\" width=\"150\" height=\"112\" \/><strong><em>Novela \u201cChamas da Vida\u201d resumo 22\/07<\/em><\/strong>: Pedro \u00e9 preso porque Vivi e Rafa fugiram. Fl\u00e1via diz a Carolina que a pris\u00e3o de Pedro \u00e9 injusta. Carolina diz que Xavier aproveitou a aus\u00eancia de Fausto. Caz\u00e9 fica chocado com a pris\u00e3o de Pedro. Eurico diz a Caz\u00e9 e a Junior para fazerem uma busca na reserva para encontrar Vivi e Rafa. Margareth avisa Demoro que Pedro foi preso porque Vivi e Rafa fugiram. Brito diz que Demoro sabe onde \u00e9 o esconderijo e ele nega. Fl\u00e1via entra na delegacia e diz a Fausto que \u00e9 arbitr\u00e1ria a pris\u00e3o de Pedro. Xavier diz que Pedro deve estar envolvido na fuga dos irm\u00e3os.<\/p>\n<p>No capitulo 188(*), novela \u201cChamas da Vida\u201d, sexta-feira, 22 de julho &#8211; Demoro diz que Pedro vai ficar furioso, porque ele ajudou Vivi e Rafa a fugirem. Vivi diz que est\u00e1 a fazer tudo pela morte de Ant\u00f4nio. Tadeu e os seus capangas esperam Leo sair da produtora. Tadeu mostra Leo para os capangas e diz que eles podem mat\u00e1-lo. Os capangas seguem Leo e Tadeu diz que eles n\u00e3o podem falhar. Leo percebe que est\u00e1 a ser perseguido e corre. Um capanga pega Leo e diz que eles v\u00e3o lhe dar uma li\u00e7\u00e3o para n\u00e3o cobi\u00e7ar a mulher do pr\u00f3ximo. Leo escapa e os capangas atiram. Fl\u00e1via diz a Carolina que a pris\u00e3o de Pedro \u00e9 injusta. Carolina diz que Xavier aproveitou a aus\u00eancia de Fausto. Lipe provoca Pedro na cadeia. <\/p>\n<p>Lincon diz a Lipe para se calar e Pedro enche-se de \u00f3dio. Caz\u00e9 fica chocado com a pris\u00e3o de Pedro. Eurico diz a Caz\u00e9 e a Junior para fazerem uma busca na reserva para encontrar Vivi e Rafa. Beatriz diz a Carolina que Vivi e Rafa fizeram bem em fugir e que ela abrigou os dois na pens\u00e3o. Beatriz diz que Ant\u00f4nio n\u00e3o pode ter morrido \u00e0 toa. Carolina diz que se Pedro perder a guarda de Vivi e Rafa, Beatriz ser\u00e1 a culpada. Margareth avisa Demoro que Pedro foi preso porque Vivi e Rafa fugiram. Brito diz que Demoro sabe onde \u00e9 o esconderijo e ele nega. <\/p>\n<p>Vilma diz a Xavier que ele est\u00e1 de parab\u00e9ns por ter prendido Pedro. Vilma diz que o \u00fanico perigo \u00e9 que Pedro est\u00e1 perto de Lincon. Xavier diz que Lincon est\u00e1 sobre controle e pede um adiantamento a Vilma. Fausto chega. Xavier disfar\u00e7a e desliga o telefone. Xavier avisa que teve que prender Pedro. Fl\u00e1via entra na delegacia e diz a Fausto que \u00e9 arbitr\u00e1ria a pris\u00e3o de Pedro. Xavier diz que Pedro deve estar envolvido na fuga de Vivi e Rafa.<\/p>\n<p>(*) edi\u00e7\u00e3o da Rede Record, Novela \u201cChamas da Vida\u201d, sujeito a altera\u00e7\u00e3o de data e conte\u00fado.<\/p>\n","protected":false},"excerpt":{"rendered":"<p>Novela \u201cChamas da Vida\u201d resumo 22\/07: Pedro \u00e9 preso porque Vivi e Rafa fugiram. Fl\u00e1via diz a Carolina que a pris\u00e3o de Pedro \u00e9 injusta. Carolina diz que Xavier aproveitou a aus\u00eancia de Fausto. Caz\u00e9 fica chocado com a pris\u00e3o de Pedro. Eurico diz a Caz\u00e9 e a Junior para fazerem uma busca na reserva [&hellip;]<\/p>\n","protected":false},"author":2,"featured_media":82020,"comment_status":"open","ping_status":"closed","sticky":false,"template":"","format":"standard","meta":{"tdm_status":"","tdm_grid_status":"","footnotes":""},"categories":[379,371,343],"tags":[441],"class_list":{"0":"post-90886","1":"post","2":"type-post","3":"status-publish","4":"format-standard","5":"has-post-thumbnail","7":"category-novelas","8":"category-rede-record","9":"category-televisao","10":"tag-resumo-do-dia"},"_links":{"self":[{"href":"https:\/\/migracao.redenoticia.com.br\/noticia\/wp-json\/wp\/v2\/posts\/90886","targetHints":{"allow":["GET"]}}],"collection":[{"href":"https:\/\/migracao.redenoticia.com.br\/noticia\/wp-json\/wp\/v2\/posts"}],"about":[{"href":"https:\/\/migracao.redenoticia.com.br\/noticia\/wp-json\/wp\/v2\/types\/post"}],"author":[{"embeddable":true,"href":"https:\/\/migracao.redenoticia.com.br\/noticia\/wp-json\/wp\/v2\/users\/2"}],"replies":[{"embeddable":true,"href":"https:\/\/migracao.redenoticia.com.br\/noticia\/wp-json\/wp\/v2\/comments?post=90886"}],"version-history":[{"count":0,"href":"https:\/\/migracao.redenoticia.com.br\/noticia\/wp-json\/wp\/v2\/posts\/90886\/revisions"}],"wp:featuredmedia":[{"embeddable":true,"href":"https:\/\/migracao.redenoticia.com.br\/noticia\/wp-json\/wp\/v2\/media\/82020"}],"wp:attachment":[{"href":"https:\/\/migracao.redenoticia.com.br\/noticia\/wp-json\/wp\/v2\/media?parent=90886"}],"wp:term":[{"taxonomy":"category","embeddable":true,"href":"https:\/\/migracao.redenoticia.com.br\/noticia\/wp-json\/wp\/v2\/categories?post=90886"},{"taxonomy":"post_tag","embeddable":true,"href":"https:\/\/migracao.redenoticia.com.br\/noticia\/wp-json\/wp\/v2\/tags?post=90886"}],"curies":[{"name":"wp","href":"https:\/\/api.w.org\/{rel}","templated":true}]}}