{"id":90890,"date":"2016-07-21T19:30:10","date_gmt":"2016-07-21T22:30:10","guid":{"rendered":"http:\/\/www.redenoticia.com.br\/noticia\/?p=90890"},"modified":"2016-07-21T17:00:04","modified_gmt":"2016-07-21T20:00:04","slug":"novela-cumplices-de-um-resgate-resumo-2207-otavio-comeca-a-lembrar-dos-acontecimentos","status":"publish","type":"post","link":"https:\/\/migracao.redenoticia.com.br\/noticia\/2016\/novela-cumplices-de-um-resgate-resumo-2207-otavio-comeca-a-lembrar-dos-acontecimentos\/90890","title":{"rendered":"Novela \u201cC\u00famplices de um Resgate\u201d resumo 22\/07: Ot\u00e1vio se lembra de Isabela"},"content":{"rendered":"<p><img loading=\"lazy\" decoding=\"async\" class=\"alignleft size-thumbnail wp-image-71351\" src=\"https:\/\/migracao.redenoticia.com.br\/noticia\/imagens\/cumplices_de_um_resgate_sbt_novela_resumo-150x112.jpg\" alt=\"cumplices_de_um_resgate_sbt_novela_resumo\" width=\"150\" height=\"112\" srcset=\"https:\/\/migracao.redenoticia.com.br\/noticia\/imagens\/cumplices_de_um_resgate_sbt_novela_resumo-150x112.jpg 150w, https:\/\/migracao.redenoticia.com.br\/noticia\/imagens\/cumplices_de_um_resgate_sbt_novela_resumo-265x198.jpg 265w\" sizes=\"auto, (max-width: 150px) 100vw, 150px\" \/><strong><em>Novela \u201cC\u00famplices de um Resgate\u201d resumo 22\/07<\/em><\/strong>: os C\u00famplices procuram Ot\u00e1vio e contam que ele precisa tomar cuidado com Regina, pois ela \u00e9 muito perigosa. Ot\u00e1vio n\u00e3o se lembra das crian\u00e7as e nem de Regina, mas diz que vai ficar atento. Aos poucos, Ot\u00e1vio come\u00e7a a lembrar dos acontecimentos, inclusive sobre Isabela, que \u00e9 filha de Regina. Depois, Ot\u00e1vio conversa com Raul e fala sobre Manuela e Isabela serem quase id\u00eanticas. Raul fica impressionado com a semelhan\u00e7a das duas.<\/p>\n<p>No cap\u00edtulo 255(*), novela \u201cC\u00famplice de um Resgate\u201d, sexta-feira, 22 de julho \u2013 Vicente fica sabendo que Dinho \u00e9 seu novo advogado. Regina surta ao saber que os C\u00famplices estavam lhe seguindo. Os c\u00famplices v\u00e3o atr\u00e1s de Ot\u00e1vio e dizem que ele precisa tomar cuidado com Regina, que \u00e9 muito perigosa.<\/p>\n<p>Ot\u00e1vio n\u00e3o lembra das crian\u00e7as e nem de Regina, mas diz que ficar\u00e1 atento. Ot\u00e1vio come\u00e7a a lembrar dos acontecimentos, inclusive sobre Isabela, que \u00e9 filha de Regina. Marina aparece na mans\u00e3o e Regina lhe joga escada abaixo. A vil\u00e3 foge. Marina fica desacordada no ch\u00e3o.<\/p>\n<p>Of\u00e9lio vai atr\u00e1s de Regina e lhe impede de sair da mans\u00e3o. Ot\u00e1vio conversa com Raul sobre Manuela e Isabela serem quase id\u00eanticas. Raul fica impressionado com a semelhan\u00e7a das duas.<\/p>\n<p>(*) edi\u00e7\u00e3o do SBT, Novela \u201cC\u00famplices de um Resgate\u201d, sujeito a altera\u00e7\u00e3o de data e conte\u00fado.<\/p>\n","protected":false},"excerpt":{"rendered":"<p>Novela \u201cC\u00famplices de um Resgate\u201d resumo 22\/07: os C\u00famplices procuram Ot\u00e1vio e contam que ele precisa tomar cuidado com Regina, pois ela \u00e9 muito perigosa. Ot\u00e1vio n\u00e3o se lembra das crian\u00e7as e nem de Regina, mas diz que vai ficar atento. Aos poucos, Ot\u00e1vio come\u00e7a a lembrar dos acontecimentos, inclusive sobre Isabela, que \u00e9 filha [&hellip;]<\/p>\n","protected":false},"author":4,"featured_media":71351,"comment_status":"open","ping_status":"closed","sticky":false,"template":"","format":"standard","meta":{"tdm_status":"","tdm_grid_status":"","footnotes":""},"categories":[379,372,343],"tags":[441],"class_list":{"0":"post-90890","1":"post","2":"type-post","3":"status-publish","4":"format-standard","5":"has-post-thumbnail","7":"category-novelas","8":"category-sbt","9":"category-televisao","10":"tag-resumo-do-dia"},"_links":{"self":[{"href":"https:\/\/migracao.redenoticia.com.br\/noticia\/wp-json\/wp\/v2\/posts\/90890","targetHints":{"allow":["GET"]}}],"collection":[{"href":"https:\/\/migracao.redenoticia.com.br\/noticia\/wp-json\/wp\/v2\/posts"}],"about":[{"href":"https:\/\/migracao.redenoticia.com.br\/noticia\/wp-json\/wp\/v2\/types\/post"}],"author":[{"embeddable":true,"href":"https:\/\/migracao.redenoticia.com.br\/noticia\/wp-json\/wp\/v2\/users\/4"}],"replies":[{"embeddable":true,"href":"https:\/\/migracao.redenoticia.com.br\/noticia\/wp-json\/wp\/v2\/comments?post=90890"}],"version-history":[{"count":0,"href":"https:\/\/migracao.redenoticia.com.br\/noticia\/wp-json\/wp\/v2\/posts\/90890\/revisions"}],"wp:featuredmedia":[{"embeddable":true,"href":"https:\/\/migracao.redenoticia.com.br\/noticia\/wp-json\/wp\/v2\/media\/71351"}],"wp:attachment":[{"href":"https:\/\/migracao.redenoticia.com.br\/noticia\/wp-json\/wp\/v2\/media?parent=90890"}],"wp:term":[{"taxonomy":"category","embeddable":true,"href":"https:\/\/migracao.redenoticia.com.br\/noticia\/wp-json\/wp\/v2\/categories?post=90890"},{"taxonomy":"post_tag","embeddable":true,"href":"https:\/\/migracao.redenoticia.com.br\/noticia\/wp-json\/wp\/v2\/tags?post=90890"}],"curies":[{"name":"wp","href":"https:\/\/api.w.org\/{rel}","templated":true}]}}