{"id":90892,"date":"2016-07-21T18:00:20","date_gmt":"2016-07-21T21:00:20","guid":{"rendered":"http:\/\/www.redenoticia.com.br\/noticia\/?p=90892"},"modified":"2016-07-21T16:53:55","modified_gmt":"2016-07-21T19:53:55","slug":"novela-meu-coracao-e-teu-resumo-2207-ana-e-fernando-viajam","status":"publish","type":"post","link":"https:\/\/migracao.redenoticia.com.br\/noticia\/2016\/novela-meu-coracao-e-teu-resumo-2207-ana-e-fernando-viajam\/90892","title":{"rendered":"Novela \u201cMeu Cora\u00e7\u00e3o \u00e9 Teu\u201d resumo 22\/07: Isabela grava apresenta\u00e7\u00e3o de Ana"},"content":{"rendered":"<p><img loading=\"lazy\" decoding=\"async\" class=\"alignleft size-thumbnail wp-image-82119\" src=\"https:\/\/migracao.redenoticia.com.br\/noticia\/imagens\/meu_coracao_e_teu_novela_resumo_sbt-150x112.jpg\" alt=\"meu_coracao_e_teu_novela_resumo_sbt\" width=\"150\" height=\"112\" srcset=\"https:\/\/migracao.redenoticia.com.br\/noticia\/imagens\/meu_coracao_e_teu_novela_resumo_sbt-150x112.jpg 150w, https:\/\/migracao.redenoticia.com.br\/noticia\/imagens\/meu_coracao_e_teu_novela_resumo_sbt-265x198.jpg 265w\" sizes=\"auto, (max-width: 150px) 100vw, 150px\" \/><strong><em>Novela \u201cMeu Cora\u00e7\u00e3o \u00e9 Teu\u201d resumo 22\/07<\/em><\/strong>:\u00a0Fernando conta a Isabela que vai levar Ana a praia e que l\u00e1 vai pedi-la em casamento. Isabela fica zangada e, disfar\u00e7ada, vai na Chicago e grava um v\u00eddeo da apresenta\u00e7\u00e3o de Ana. Ana se preocupa ao ver que est\u00e1 a ser filmada. Mais tarde, Ana e Fernando viajam e ele se comove com a emo\u00e7\u00e3o de sua amada ao ver o mar. Os dois seguem a desfrutar de sua viagem, mas Ana n\u00e3o deixa de pensar em sua vida dupla. Ela est\u00e1 inquieta e quando resolve revelar tudo para Fernando, Fanny telefona para eles.<\/p>\n<p>No cap\u00edtulo 105(*), novela \u201cMeu Cora\u00e7\u00e3o \u00e9 Teu\u201d, sexta-feira, 22 de julho \u2013 Fanny se lembra de quando Ana disse que o amor que ela e Leon sentem n\u00e3o pode desaparecer t\u00e3o r\u00e1pido. Ana e Fernando falam sobre os problemas com Nando e Fanny. Isabela se zanga quando Fernando diz que levar\u00e1 Ana a praia, pois sabe que l\u00e1 ele a pedir\u00e1 em casamento. Ana chega ao \u201cChicago\u201d e v\u00ea que Dorival est\u00e1 com Diana.<\/p>\n<p>Ana mente que Diana n\u00e3o a importa e Dorival pode fazer o que quiser com ela. Dorival cai na arma\u00e7\u00e3o de Ana e acaba soltando Diana. Ana come\u00e7a a dan\u00e7ar e Isabela, disfar\u00e7ada, grava um v\u00eddeo com celular, e desfruta de seu plano para destruir Ana. Ana se preocupa ao ver que est\u00e1 sendo filmada. Fernando se comove com a emo\u00e7\u00e3o de Ana ao ver o mar. Yolanda se preocupa ao ver Isabela t\u00e3o satisfeita. Ana e Fernando seguem desfrutando de sua viagem, mas ela n\u00e3o deixa de pensar em sua vida dupla. Fanny recebe um pacote que surpreende a todos.<\/p>\n<p>Laura vai ver Fanny para adverti-la que Leon \u00e9 seu. Fanny responde que ela pode ficar com ele, e que elas n\u00e3o t\u00eam mais nada para falar. Laura diz coisas muito feias a Fanny, demonstrando muita inveja. Bruno e Nando conseguem tirar Laura da mans\u00e3o. Ana fica preocupada com Fanny e Fernando a acalma. Isabela vai visitar seu filho e Soledade a diz que n\u00e3o gosta de sua companhia, deixando a sozinha com a crian\u00e7a. Ana e Fernando se entregam ao amor. Ana est\u00e1 inquieta e pensa em revelar sua vida dupla \u00e1 Fernando. Fanny telefona para eles.<\/p>\n<p>(*) edi\u00e7\u00e3o do SBT, Novela \u201cMeu Cora\u00e7\u00e3o \u00e9 Teu\u201d, sujeito a altera\u00e7\u00e3o de data e conte\u00fado.<\/p>\n","protected":false},"excerpt":{"rendered":"<p>Novela \u201cMeu Cora\u00e7\u00e3o \u00e9 Teu\u201d resumo 22\/07:\u00a0Fernando conta a Isabela que vai levar Ana a praia e que l\u00e1 vai pedi-la em casamento. Isabela fica zangada e, disfar\u00e7ada, vai na Chicago e grava um v\u00eddeo da apresenta\u00e7\u00e3o de Ana. Ana se preocupa ao ver que est\u00e1 a ser filmada. Mais tarde, Ana e Fernando viajam [&hellip;]<\/p>\n","protected":false},"author":4,"featured_media":82119,"comment_status":"open","ping_status":"closed","sticky":false,"template":"","format":"standard","meta":{"tdm_status":"","tdm_grid_status":"","footnotes":""},"categories":[379,372,343],"tags":[441],"class_list":{"0":"post-90892","1":"post","2":"type-post","3":"status-publish","4":"format-standard","5":"has-post-thumbnail","7":"category-novelas","8":"category-sbt","9":"category-televisao","10":"tag-resumo-do-dia"},"_links":{"self":[{"href":"https:\/\/migracao.redenoticia.com.br\/noticia\/wp-json\/wp\/v2\/posts\/90892","targetHints":{"allow":["GET"]}}],"collection":[{"href":"https:\/\/migracao.redenoticia.com.br\/noticia\/wp-json\/wp\/v2\/posts"}],"about":[{"href":"https:\/\/migracao.redenoticia.com.br\/noticia\/wp-json\/wp\/v2\/types\/post"}],"author":[{"embeddable":true,"href":"https:\/\/migracao.redenoticia.com.br\/noticia\/wp-json\/wp\/v2\/users\/4"}],"replies":[{"embeddable":true,"href":"https:\/\/migracao.redenoticia.com.br\/noticia\/wp-json\/wp\/v2\/comments?post=90892"}],"version-history":[{"count":0,"href":"https:\/\/migracao.redenoticia.com.br\/noticia\/wp-json\/wp\/v2\/posts\/90892\/revisions"}],"wp:featuredmedia":[{"embeddable":true,"href":"https:\/\/migracao.redenoticia.com.br\/noticia\/wp-json\/wp\/v2\/media\/82119"}],"wp:attachment":[{"href":"https:\/\/migracao.redenoticia.com.br\/noticia\/wp-json\/wp\/v2\/media?parent=90892"}],"wp:term":[{"taxonomy":"category","embeddable":true,"href":"https:\/\/migracao.redenoticia.com.br\/noticia\/wp-json\/wp\/v2\/categories?post=90892"},{"taxonomy":"post_tag","embeddable":true,"href":"https:\/\/migracao.redenoticia.com.br\/noticia\/wp-json\/wp\/v2\/tags?post=90892"}],"curies":[{"name":"wp","href":"https:\/\/api.w.org\/{rel}","templated":true}]}}