{"id":90894,"date":"2016-07-21T15:40:26","date_gmt":"2016-07-21T18:40:26","guid":{"rendered":"http:\/\/www.redenoticia.com.br\/noticia\/?p=90894"},"modified":"2016-07-21T16:43:22","modified_gmt":"2016-07-21T19:43:22","slug":"novela-abismo-da-paixao-resumo-2207-carmem-diz-a-lucio-que-nao-vai-haver-velorio","status":"publish","type":"post","link":"https:\/\/migracao.redenoticia.com.br\/noticia\/2016\/novela-abismo-da-paixao-resumo-2207-carmem-diz-a-lucio-que-nao-vai-haver-velorio\/90894","title":{"rendered":"Novela \u201cAbismo da Paix\u00e3o\u201d resumo 22\/07: Carmem suspende o vel\u00f3rio de Augusto"},"content":{"rendered":"<p><img loading=\"lazy\" decoding=\"async\" class=\"alignleft size-thumbnail wp-image-81978\" src=\"https:\/\/migracao.redenoticia.com.br\/noticia\/imagens\/abismo_de_paixao_sbt_resumo_novela-150x112.jpg\" alt=\"abismo_de_paixao_sbt_resumo_novela\" width=\"150\" height=\"112\" srcset=\"https:\/\/migracao.redenoticia.com.br\/noticia\/imagens\/abismo_de_paixao_sbt_resumo_novela-150x112.jpg 150w, https:\/\/migracao.redenoticia.com.br\/noticia\/imagens\/abismo_de_paixao_sbt_resumo_novela-265x198.jpg 265w\" sizes=\"auto, (max-width: 150px) 100vw, 150px\" \/><strong><em>Novela \u201cAbismo da Paix\u00e3o\u201d resumo 22\/07<\/em><\/strong>:\u00a0Elisa anda pelo campo e se lembra da conversa que teve com seu pai. Dolores a chama e diz que Augusto precisa dela, pois chegou muito alterado em casa. Elisa corre para casa e o encontra morto, abra\u00e7ado a uma arma. Dolores liga para L\u00facio e pede que ele ajude Elisa. Carmem chega com Bet\u00e2nia e grita que o marido se suicidou com a arma que mantinha no escrit\u00f3rio. Elisa estranha o que a tia disse, e questiona como ela soube do ocorrido com Augusto se n\u00e3o estava em casa quando ele se matou. Carmem diz que, se suspeitasse, jamais teria sa\u00eddo de casa. Mais tarde, Carmem diz a L\u00facio que n\u00e3o vai haver vel\u00f3rio, j\u00e1 que n\u00e3o quer prolongar o sofrimento dela e de sua sobrinha..<\/p>\n<p>No cap\u00edtulo 085 (*), novela \u201cAbismo da Paix\u00e3o\u201d, sexta-feira, 22 de julho \u2013 no consult\u00f3rio, Henrique pede a Edmundo que pro\u00edba Sabrina de ter uma rela\u00e7\u00e3o com Paulo. Henrique convida Paloma para ir ao cinema e ela aceita. Elisa anda pelo campo se lembrando da conversa que teve com seu pai. Dolores a chama e diz que Augusto precisa dela, pois chegou em casa muito alterado. Na pra\u00e7a, Vicente se aproxima de Sabrina, mas Paulo o coloca pra correr. Vicente sente se mal e Dolores e Elisa o ajudam.<\/p>\n<p>Paloma e Henrique correm para chamar Edmundo. Carmem chega \u00e0 casa de Bet\u00e2nia e Edmundo se op\u00f5e a que ela fique ali. Henrique chega e pede ao pai que v\u00e1 ao centro, pois Vicente precisa de ajuda. Elisa chega a sua casa gritando por Augusto. Ela o encontra morto, abra\u00e7ado a uma arma. Dolores liga para L\u00facio e pede que ele ajude Elisa. L\u00facio telefona para Carmem na casa de Bet\u00e2nia para informar lhe do ocorrido, e pede que ela v\u00e1 imediatamente para a fazenda. Carmem chega com Bet\u00e2nia no momento em que est\u00e3o retirando o corpo de Augusto. Carmem, c\u00ednica, grita que o marido se suicidou com a arma que mantinha no escrit\u00f3rio. Elisa estranha o que a tia disse, e questiona como ela soube do ocorrido com Augusto se n\u00e3o estava em casa quando ele se matou.<\/p>\n<p>Carmem diz que se suspeitasse, jamais teria sa\u00eddo de casa. No hospital, Vicente pede para ver Ramiro e Br\u00e1ulio se retira zangado. Na processadora, Almerinda diz a Ramiro que Vicente est\u00e1 no hospital, e que precisa de um transplante de rim. Ele responde que isso n\u00e3o o interessa. L\u00facio informa Malu que Augusto est\u00e1 morto. Malu procura Dami\u00e3o para lhe informar do ocorrido. Almerinda recebe a not\u00edcia, e fica encarregada de informar o filho. Carmem diz a L\u00facio que n\u00e3o haver\u00e1 vel\u00f3rio, j\u00e1 que n\u00e3o quer prolongar o sofrimento dela e de sua sobrinha. L\u00facio responde que v\u00e3o enterrar Augusto junto a Estef\u00e2nia. Carmem grita que jamais permitir\u00e1, pois ele ser\u00e1 enterrado junto a seu filho.<\/p>\n<p>(*) edi\u00e7\u00e3o do SBT, Novela \u201cAbismo da Paix\u00e3o\u201d, sujeito a altera\u00e7\u00e3o de data e conte\u00fado.<\/p>\n","protected":false},"excerpt":{"rendered":"<p>Novela \u201cAbismo da Paix\u00e3o\u201d resumo 22\/07:\u00a0Elisa anda pelo campo e se lembra da conversa que teve com seu pai. Dolores a chama e diz que Augusto precisa dela, pois chegou muito alterado em casa. Elisa corre para casa e o encontra morto, abra\u00e7ado a uma arma. Dolores liga para L\u00facio e pede que ele ajude [&hellip;]<\/p>\n","protected":false},"author":4,"featured_media":81978,"comment_status":"open","ping_status":"closed","sticky":false,"template":"","format":"standard","meta":{"tdm_status":"","tdm_grid_status":"","footnotes":""},"categories":[379,372,343],"tags":[441],"class_list":{"0":"post-90894","1":"post","2":"type-post","3":"status-publish","4":"format-standard","5":"has-post-thumbnail","7":"category-novelas","8":"category-sbt","9":"category-televisao","10":"tag-resumo-do-dia"},"_links":{"self":[{"href":"https:\/\/migracao.redenoticia.com.br\/noticia\/wp-json\/wp\/v2\/posts\/90894","targetHints":{"allow":["GET"]}}],"collection":[{"href":"https:\/\/migracao.redenoticia.com.br\/noticia\/wp-json\/wp\/v2\/posts"}],"about":[{"href":"https:\/\/migracao.redenoticia.com.br\/noticia\/wp-json\/wp\/v2\/types\/post"}],"author":[{"embeddable":true,"href":"https:\/\/migracao.redenoticia.com.br\/noticia\/wp-json\/wp\/v2\/users\/4"}],"replies":[{"embeddable":true,"href":"https:\/\/migracao.redenoticia.com.br\/noticia\/wp-json\/wp\/v2\/comments?post=90894"}],"version-history":[{"count":0,"href":"https:\/\/migracao.redenoticia.com.br\/noticia\/wp-json\/wp\/v2\/posts\/90894\/revisions"}],"wp:featuredmedia":[{"embeddable":true,"href":"https:\/\/migracao.redenoticia.com.br\/noticia\/wp-json\/wp\/v2\/media\/81978"}],"wp:attachment":[{"href":"https:\/\/migracao.redenoticia.com.br\/noticia\/wp-json\/wp\/v2\/media?parent=90894"}],"wp:term":[{"taxonomy":"category","embeddable":true,"href":"https:\/\/migracao.redenoticia.com.br\/noticia\/wp-json\/wp\/v2\/categories?post=90894"},{"taxonomy":"post_tag","embeddable":true,"href":"https:\/\/migracao.redenoticia.com.br\/noticia\/wp-json\/wp\/v2\/tags?post=90894"}],"curies":[{"name":"wp","href":"https:\/\/api.w.org\/{rel}","templated":true}]}}