{"id":90901,"date":"2016-07-22T15:21:11","date_gmt":"2016-07-22T18:21:11","guid":{"rendered":"http:\/\/www.redenoticia.com.br\/noticia\/?p=90901"},"modified":"2016-07-21T15:21:58","modified_gmt":"2016-07-21T18:21:58","slug":"novela-chamas-da-vida-resumo-2507-fausto-suspende-xavier","status":"publish","type":"post","link":"https:\/\/migracao.redenoticia.com.br\/noticia\/2016\/novela-chamas-da-vida-resumo-2507-fausto-suspende-xavier\/90901","title":{"rendered":"Novela \u201cChamas da Vida\u201d resumo 25\/07: Fausto suspende Xavier"},"content":{"rendered":"<p> <img loading=\"lazy\" decoding=\"async\" class=\"alignleft size-thumbnail wp-image-82020\" src=\"https:\/\/migracao.redenoticia.com.br\/noticia\/imagens\/chamas_da_vida_resumo_novela-150x112.jpeg\" alt=\"chamas_da_vida_resumo_novela\" width=\"150\" height=\"112\" \/><strong><em>Novela \u201cChamas da Vida\u201d resumo 25\/07<\/em><\/strong>: Beatriz foge com Vivi e Rafa no carro e informa que Pedro foi preso. Vivi manda Beatriz parar e Beatriz diz que eles n\u00e3o podem entrar no jogo de Vilma. A pol\u00edcia apreende o carro de Beatriz e a leva para a esquadra. Carolina avisa Pedro que Vivi e Rafa j\u00e1 est\u00e3o com ela. Fausto discute com Xavier e diz que \u00e9 um absurdo ter metido Pedro na cadeia. Fausto suspende Xavier.<\/p>\n<p>No capitulo 189(*), novela \u201cChamas da Vida\u201d, segunda-feira, 25 de julho &#8211; o carro de Beatriz quase se choca com o comboio mas ela consegue passar. Vivi diz a Beatriz que eles quase morreram. Beatriz diz que nunca arriscaria a vida deles. Vivi diz a Beatriz que quer fugir, mas n\u00e3o morrer. Beatriz informa que Pedro foi preso. Vivi manda Beatriz parar e Beatriz diz que eles n\u00e3o podem entrar no jogo de Vilma. A pol\u00edcia chega perto do carro de Beatriz. Carolina apreende o carro de Beatriz. Beatriz diz que \u00e9 um absurdo entregar Vivi e Rafa a Vilma. Carolina diz que Beatriz \u00e9 uma irrespons\u00e1vel. O pol\u00edcia diz que Beatriz tem que ir para a esquadra. Carolina avisa Pedro que Vivi e Rafa j\u00e1 est\u00e3o com ela. <\/p>\n<p>Fausto discute com Xavier e diz que \u00e9 um absurdo ter metido Pedro na cadeia. Fausto suspende Xavier. Vilma provoca Ivonete e diz que ela realizou o sonho de morar na zona sul. Vilma diz que Ivonete vai trabalhar com Darlene. Lourdes diz que Ivonete n\u00e3o \u00e9 empregada e se Vilma fizer alguma coisa \u00e0 filha dela, vai pagar caro. Xavier avisa Lincon que vai ficar afastada uns dias e para ele n\u00e3o abrir a boca. Fausto apanha Xavier e Lincon aos segredinhos. Demoro pede desculpa a Pedro por ter ajudado Vivi e Rafa a fugir. Pedro diz que na pr\u00f3xima audi\u00eancia ele vai reaver a guarda de Vivi e Rafa. <\/p>\n<p>Leo conta a Manu que os capangas de Tadeu bateram nele. Fausto pergunta a Lipe se ele ouviu alguma coisa entre Lincon e Xavier. Lipe diz a Fausto que Xavier est\u00e1 sempre \u00e0 conversa com Lincon. Fausto diz que n\u00e3o \u00e9 procedimento de um pol\u00edcia ficar \u00e0 conversa com um preso. Lipe diz que \u00e9 muito suspeito. Fausto diz a Lipe para tentar arrancar informa\u00e7\u00e3o a Lincon. Fausto diz que o acordo deles \u00e9 que Lipe oi\u00e7a a conversa de Xavier com Lincon e assim n\u00e3o vai para a pris\u00e3o. Vivi e Rafa pedem desculpa a Pedro. Fausto diz a Beatriz que ela est\u00e1 parecida com Ant\u00f4nio.<\/p>\n<p>(*) edi\u00e7\u00e3o da Rede Record, Novela \u201cChamas da Vida\u201d, sujeito a altera\u00e7\u00e3o de data e conte\u00fado.<\/p>\n","protected":false},"excerpt":{"rendered":"<p>Novela \u201cChamas da Vida\u201d resumo 25\/07: Beatriz foge com Vivi e Rafa no carro e informa que Pedro foi preso. Vivi manda Beatriz parar e Beatriz diz que eles n\u00e3o podem entrar no jogo de Vilma. A pol\u00edcia apreende o carro de Beatriz e a leva para a esquadra. Carolina avisa Pedro que Vivi e [&hellip;]<\/p>\n","protected":false},"author":2,"featured_media":82020,"comment_status":"open","ping_status":"closed","sticky":false,"template":"","format":"standard","meta":{"tdm_status":"","tdm_grid_status":"","footnotes":""},"categories":[379,371,343],"tags":[441],"class_list":{"0":"post-90901","1":"post","2":"type-post","3":"status-publish","4":"format-standard","5":"has-post-thumbnail","7":"category-novelas","8":"category-rede-record","9":"category-televisao","10":"tag-resumo-do-dia"},"_links":{"self":[{"href":"https:\/\/migracao.redenoticia.com.br\/noticia\/wp-json\/wp\/v2\/posts\/90901","targetHints":{"allow":["GET"]}}],"collection":[{"href":"https:\/\/migracao.redenoticia.com.br\/noticia\/wp-json\/wp\/v2\/posts"}],"about":[{"href":"https:\/\/migracao.redenoticia.com.br\/noticia\/wp-json\/wp\/v2\/types\/post"}],"author":[{"embeddable":true,"href":"https:\/\/migracao.redenoticia.com.br\/noticia\/wp-json\/wp\/v2\/users\/2"}],"replies":[{"embeddable":true,"href":"https:\/\/migracao.redenoticia.com.br\/noticia\/wp-json\/wp\/v2\/comments?post=90901"}],"version-history":[{"count":0,"href":"https:\/\/migracao.redenoticia.com.br\/noticia\/wp-json\/wp\/v2\/posts\/90901\/revisions"}],"wp:featuredmedia":[{"embeddable":true,"href":"https:\/\/migracao.redenoticia.com.br\/noticia\/wp-json\/wp\/v2\/media\/82020"}],"wp:attachment":[{"href":"https:\/\/migracao.redenoticia.com.br\/noticia\/wp-json\/wp\/v2\/media?parent=90901"}],"wp:term":[{"taxonomy":"category","embeddable":true,"href":"https:\/\/migracao.redenoticia.com.br\/noticia\/wp-json\/wp\/v2\/categories?post=90901"},{"taxonomy":"post_tag","embeddable":true,"href":"https:\/\/migracao.redenoticia.com.br\/noticia\/wp-json\/wp\/v2\/tags?post=90901"}],"curies":[{"name":"wp","href":"https:\/\/api.w.org\/{rel}","templated":true}]}}