{"id":90910,"date":"2016-07-21T21:30:39","date_gmt":"2016-07-22T00:30:39","guid":{"rendered":"http:\/\/www.redenoticia.com.br\/noticia\/?p=90910"},"modified":"2016-07-21T17:09:07","modified_gmt":"2016-07-21T20:09:07","slug":"novela-liberdade-liberdade-resumo-2207-ascensao-encontra-virginia-e-a-socorre","status":"publish","type":"post","link":"https:\/\/migracao.redenoticia.com.br\/noticia\/2016\/novela-liberdade-liberdade-resumo-2207-ascensao-encontra-virginia-e-a-socorre\/90910","title":{"rendered":"Novela \u201cLiberdade, Liberdade\u201d resumo 22\/07: Ascens\u00e3o socorre Virg\u00ednia"},"content":{"rendered":"<p><img loading=\"lazy\" decoding=\"async\" class=\"alignleft size-thumbnail wp-image-84052\" src=\"https:\/\/migracao.redenoticia.com.br\/noticia\/imagens\/novela_liberdade_globo_resumo-150x112.jpg\" alt=\"novela_liberdade_globo_resumo\" width=\"150\" height=\"112\" srcset=\"https:\/\/migracao.redenoticia.com.br\/noticia\/imagens\/novela_liberdade_globo_resumo-150x112.jpg 150w, https:\/\/migracao.redenoticia.com.br\/noticia\/imagens\/novela_liberdade_globo_resumo-265x198.jpg 265w\" sizes=\"auto, (max-width: 150px) 100vw, 150px\" \/><strong><em>Novela \u201cLiberdade, Liberdade\u201d resumo 22\/07:\u00a0<\/em><\/strong>Rubi\u00e3o manda o coronel Tolentino matar Virg\u00ednia. O intendente faz isso para que a cafetina n\u00e3o v\u00e1 a seu casamento com Rosa\/Joaquina. Na hora de disparar sua arma, Tolentino descobre que ela \u00e9 m\u00e3e de Rubi\u00e3o e recua. Abalada, ela afirma que deseja morrer e tenta pegar a pistola dele. No meio da briga, Virg\u00ednia \u00e9 atingida por um tiro. Tolentino a coloca em cima do cavalo e d\u00e1 uma chicoteada no animal para ele sair dali. Ascens\u00e3o encontra Virg\u00ednia e a socorre.<\/p>\n<p>No cap\u00edtulo 060 (*), novela \u201cLiberdade, Liberdade\u201d, sexta-feira, 22 de julho \u2013 Branca simula sofrer por causa das agress\u00f5es de Joaquina\/Rosa. Dom Jo\u00e3o VI e Carlota Joaquina chegam para o casamento de Joaquina\/Rosa e Rubi\u00e3o.<\/p>\n<p>Tolentino enfrenta Virg\u00ednia e se surpreende quando ela revela que Rubi\u00e3o \u00e9 seu filho. Luzia e Alexandra se impressionam com o comportamento de Branca. Virg\u00ednia acaba se ferindo.<\/p>\n<p>Ascens\u00e3o encontra Virg\u00ednia e a socorre. Vidinha e Carmina temem o desaparecimento de Virg\u00ednia. Xavier descobre a farsa de Branca e decide ir atr\u00e1s de Joaquina\/Rosa.<\/p>\n<p>(*) edi\u00e7\u00e3o da Rede Globo, Novela \u201cLiberdade, Liberdade\u201d, sujeito a altera\u00e7\u00e3o de data e conte\u00fado.<\/p>\n","protected":false},"excerpt":{"rendered":"<p>Novela \u201cLiberdade, Liberdade\u201d resumo 22\/07:\u00a0Rubi\u00e3o manda o coronel Tolentino matar Virg\u00ednia. O intendente faz isso para que a cafetina n\u00e3o v\u00e1 a seu casamento com Rosa\/Joaquina. Na hora de disparar sua arma, Tolentino descobre que ela \u00e9 m\u00e3e de Rubi\u00e3o e recua. Abalada, ela afirma que deseja morrer e tenta pegar a pistola dele. No [&hellip;]<\/p>\n","protected":false},"author":4,"featured_media":84052,"comment_status":"open","ping_status":"closed","sticky":false,"template":"","format":"standard","meta":{"tdm_status":"","tdm_grid_status":"","footnotes":""},"categories":[379,375,343],"tags":[441],"class_list":{"0":"post-90910","1":"post","2":"type-post","3":"status-publish","4":"format-standard","5":"has-post-thumbnail","7":"category-novelas","8":"category-rede-globo","9":"category-televisao","10":"tag-resumo-do-dia"},"_links":{"self":[{"href":"https:\/\/migracao.redenoticia.com.br\/noticia\/wp-json\/wp\/v2\/posts\/90910","targetHints":{"allow":["GET"]}}],"collection":[{"href":"https:\/\/migracao.redenoticia.com.br\/noticia\/wp-json\/wp\/v2\/posts"}],"about":[{"href":"https:\/\/migracao.redenoticia.com.br\/noticia\/wp-json\/wp\/v2\/types\/post"}],"author":[{"embeddable":true,"href":"https:\/\/migracao.redenoticia.com.br\/noticia\/wp-json\/wp\/v2\/users\/4"}],"replies":[{"embeddable":true,"href":"https:\/\/migracao.redenoticia.com.br\/noticia\/wp-json\/wp\/v2\/comments?post=90910"}],"version-history":[{"count":0,"href":"https:\/\/migracao.redenoticia.com.br\/noticia\/wp-json\/wp\/v2\/posts\/90910\/revisions"}],"wp:featuredmedia":[{"embeddable":true,"href":"https:\/\/migracao.redenoticia.com.br\/noticia\/wp-json\/wp\/v2\/media\/84052"}],"wp:attachment":[{"href":"https:\/\/migracao.redenoticia.com.br\/noticia\/wp-json\/wp\/v2\/media?parent=90910"}],"wp:term":[{"taxonomy":"category","embeddable":true,"href":"https:\/\/migracao.redenoticia.com.br\/noticia\/wp-json\/wp\/v2\/categories?post=90910"},{"taxonomy":"post_tag","embeddable":true,"href":"https:\/\/migracao.redenoticia.com.br\/noticia\/wp-json\/wp\/v2\/tags?post=90910"}],"curies":[{"name":"wp","href":"https:\/\/api.w.org\/{rel}","templated":true}]}}