{"id":90912,"date":"2016-07-21T21:00:55","date_gmt":"2016-07-22T00:00:55","guid":{"rendered":"http:\/\/www.redenoticia.com.br\/noticia\/?p=90912"},"modified":"2016-07-21T17:07:45","modified_gmt":"2016-07-21T20:07:45","slug":"novela-velho-chico-resumo-2207-tereza-ouve-carlos-falar-com-afranio","status":"publish","type":"post","link":"https:\/\/migracao.redenoticia.com.br\/noticia\/2016\/novela-velho-chico-resumo-2207-tereza-ouve-carlos-falar-com-afranio\/90912","title":{"rendered":"Novela \u201cVelho Chico\u201d resumo 22\/07: Tereza descobre golpe de Afr\u00e2nio"},"content":{"rendered":"<p><img loading=\"lazy\" decoding=\"async\" class=\"alignleft size-thumbnail wp-image-82169\" src=\"https:\/\/migracao.redenoticia.com.br\/noticia\/imagens\/velho_chico_novela_resumo_globo-150x112.jpg\" alt=\"velho_chico_novela_resumo_globo\" width=\"150\" height=\"112\" srcset=\"https:\/\/migracao.redenoticia.com.br\/noticia\/imagens\/velho_chico_novela_resumo_globo-150x112.jpg 150w, https:\/\/migracao.redenoticia.com.br\/noticia\/imagens\/velho_chico_novela_resumo_globo-265x198.jpg 265w\" sizes=\"auto, (max-width: 150px) 100vw, 150px\" \/><strong><em>Novela \u201cVelho Chico\u201d resumo 22\/07<\/em><\/strong>:\u00a0Isabel questiona a m\u00e3e por ela conversar com Carlos e Luzia convence a filha a n\u00e3o contar para Santo. Enquanto isso, Santo teme n\u00e3o poder ajudar os cooperados, devido \u00e0 cooperativa estar \u00e0 beira da fal\u00eancia. S\u00f3 que Santo n\u00e3o sabe que o coronel est\u00e1 a trapacear. Ele oferece frutas mais baratas aos clientes da entidade para acabar com o neg\u00f3cio de Santo. Tereza ouve Carlos falar com Afr\u00e2nio sobre os cooperados e acaba por descobrir o golpe e se revolta.<\/p>\n<p>No cap\u00edtulo 113(*), novela \u201cVelho Chico\u201d, sexta-feira, 22 de julho \u2013 Luzia convence Isabel a n\u00e3o contar para Santo que ela esteve com Carlos. Ol\u00edvia, Ceci e Miguel vistoriam as planta\u00e7\u00f5es dos pequenos produtores. Sophie fica admirada com Lucas. Santo teme n\u00e3o poder ajudar outros cooperados.<\/p>\n<p>Padre Ben\u00edcio tenta convencer Santo a participar da missa do vaqueiro. Miguel pede para Chico Criatura falar sobre Belmiro. Isabel aprova o vestido que Sophie costura. Santo conta hist\u00f3rias de Belmiro para Miguel.<\/p>\n<p>Piedade tem um pesadelo com Santo. Tereza ouve Carlos falar com Afr\u00e2nio sobre os cooperados. Tereza vai \u00e0 missa do vaqueiro. Luzia tenta impedir Ol\u00edvia de ir para a festa. Santo discute com Luzia. Encarna\u00e7\u00e3o, Martim e Afr\u00e2nio seguem para o local da missa. Luzia tenta impedir Santo de sair de casa.<\/p>\n<p>(*) edi\u00e7\u00e3o da Rede Globo, Novela \u201cVelho Chico\u201d, sujeito a altera\u00e7\u00e3o de data e conte\u00fado.<\/p>\n","protected":false},"excerpt":{"rendered":"<p>Novela \u201cVelho Chico\u201d resumo 22\/07:\u00a0Isabel questiona a m\u00e3e por ela conversar com Carlos e Luzia convence a filha a n\u00e3o contar para Santo. Enquanto isso, Santo teme n\u00e3o poder ajudar os cooperados, devido \u00e0 cooperativa estar \u00e0 beira da fal\u00eancia. S\u00f3 que Santo n\u00e3o sabe que o coronel est\u00e1 a trapacear. Ele oferece frutas mais [&hellip;]<\/p>\n","protected":false},"author":4,"featured_media":82169,"comment_status":"open","ping_status":"closed","sticky":false,"template":"","format":"standard","meta":{"tdm_status":"","tdm_grid_status":"","footnotes":""},"categories":[379,375,343],"tags":[441],"class_list":{"0":"post-90912","1":"post","2":"type-post","3":"status-publish","4":"format-standard","5":"has-post-thumbnail","7":"category-novelas","8":"category-rede-globo","9":"category-televisao","10":"tag-resumo-do-dia"},"_links":{"self":[{"href":"https:\/\/migracao.redenoticia.com.br\/noticia\/wp-json\/wp\/v2\/posts\/90912","targetHints":{"allow":["GET"]}}],"collection":[{"href":"https:\/\/migracao.redenoticia.com.br\/noticia\/wp-json\/wp\/v2\/posts"}],"about":[{"href":"https:\/\/migracao.redenoticia.com.br\/noticia\/wp-json\/wp\/v2\/types\/post"}],"author":[{"embeddable":true,"href":"https:\/\/migracao.redenoticia.com.br\/noticia\/wp-json\/wp\/v2\/users\/4"}],"replies":[{"embeddable":true,"href":"https:\/\/migracao.redenoticia.com.br\/noticia\/wp-json\/wp\/v2\/comments?post=90912"}],"version-history":[{"count":0,"href":"https:\/\/migracao.redenoticia.com.br\/noticia\/wp-json\/wp\/v2\/posts\/90912\/revisions"}],"wp:featuredmedia":[{"embeddable":true,"href":"https:\/\/migracao.redenoticia.com.br\/noticia\/wp-json\/wp\/v2\/media\/82169"}],"wp:attachment":[{"href":"https:\/\/migracao.redenoticia.com.br\/noticia\/wp-json\/wp\/v2\/media?parent=90912"}],"wp:term":[{"taxonomy":"category","embeddable":true,"href":"https:\/\/migracao.redenoticia.com.br\/noticia\/wp-json\/wp\/v2\/categories?post=90912"},{"taxonomy":"post_tag","embeddable":true,"href":"https:\/\/migracao.redenoticia.com.br\/noticia\/wp-json\/wp\/v2\/tags?post=90912"}],"curies":[{"name":"wp","href":"https:\/\/api.w.org\/{rel}","templated":true}]}}