{"id":90916,"date":"2016-07-21T18:30:09","date_gmt":"2016-07-21T21:30:09","guid":{"rendered":"http:\/\/www.redenoticia.com.br\/noticia\/?p=90916"},"modified":"2016-07-21T16:56:32","modified_gmt":"2016-07-21T19:56:32","slug":"novela-eta-mundo-bom-resumo-2207-araujo-flagra-sandra-e-ernesto-juntos","status":"publish","type":"post","link":"https:\/\/migracao.redenoticia.com.br\/noticia\/2016\/novela-eta-mundo-bom-resumo-2207-araujo-flagra-sandra-e-ernesto-juntos\/90916","title":{"rendered":"Novela \u201cEta Mundo Bom\u201d resumo 22\/07: Ara\u00fajo flagra Sandra e Ernesto juntos"},"content":{"rendered":"<p><img loading=\"lazy\" decoding=\"async\" class=\"alignleft size-thumbnail wp-image-82131\" src=\"https:\/\/migracao.redenoticia.com.br\/noticia\/imagens\/eta_mundo_bom_globo_novela_resumo-150x112.jpg\" alt=\"eta_mundo_bom_globo_novela_resumo\" width=\"150\" height=\"112\" srcset=\"https:\/\/migracao.redenoticia.com.br\/noticia\/imagens\/eta_mundo_bom_globo_novela_resumo-150x112.jpg 150w, https:\/\/migracao.redenoticia.com.br\/noticia\/imagens\/eta_mundo_bom_globo_novela_resumo-265x198.jpg 265w\" sizes=\"auto, (max-width: 150px) 100vw, 150px\" \/><strong><em>Novela \u201cEta Mundo Bom\u201d resumo 22\/07<\/em><\/strong>:\u00a0Maria consegue uma c\u00f3pia da chave do ateli\u00ea de\u00a0Ernesto e resolve abrir o jogo com\u00a0Ara\u00fajo, com a inten\u00e7\u00e3o de desmascarar Sandra. A copeira procura o advogado e diz que ele caiu na l\u00e1bia da loira e foi usado para dar o golpe em\u00a0Anast\u00e1cia. Certo do amor da namorada, Ara\u00fajo n\u00e3o gosta do que ouve e a manda ir embora. Maria, ent\u00e3o, revela que Sandra tem um caso com Ernesto, e que vai todas as tardes ao ateli\u00ea para encontr\u00e1-lo. Maria lhe d\u00e1 o endere\u00e7o e a c\u00f3pia da chave. Ara\u00fajo hesita, mas pega a chave. Depois que Maria sai, Ara\u00fajo pensa sobre as suas palavras. Mais tarde, Celso o procura e o convence a ir ao ateli\u00ea. Ara\u00fajo resolve ir ao local e ao chegar, flagra Sandra e Ernesto juntos.<\/p>\n<p>No cap\u00edtulo 161 (*), novela \u201cEta Mundo Bom\u201d, sexta-feira, 22 de julho \u2013 Ara\u00fajo pensa sobre as palavras de Maria. Celso explica o plano de Maria para Anast\u00e1cia e Pancr\u00e1cio. Mafalda ouve Candinho agradecendo Z\u00e9 dos Porcos e se emociona. Josias conta que Romeu perdeu seu carro.<\/p>\n<p>Gerusa se sente bem e dan\u00e7a com Os\u00f3rio. Diana tenta alertar Ilde sobre Braz, mas ela n\u00e3o acredita. Anast\u00e1cia e Pancr\u00e1cio pensam em adotar Pirulito.<\/p>\n<p>Celso convence Ara\u00fajo a ir ao ateli\u00ea de Ernesto. Sandra fala mal de Ara\u00fajo para o c\u00famplice. Ara\u00fajo flagra Sandra e Ernesto juntos.<\/p>\n<p>(*) edi\u00e7\u00e3o da Rede Globo, Novela \u201cEta Mundo Bom\u201d, sujeito a altera\u00e7\u00e3o de data e conte\u00fado.<\/p>\n","protected":false},"excerpt":{"rendered":"<p>Novela \u201cEta Mundo Bom\u201d resumo 22\/07:\u00a0Maria consegue uma c\u00f3pia da chave do ateli\u00ea de\u00a0Ernesto e resolve abrir o jogo com\u00a0Ara\u00fajo, com a inten\u00e7\u00e3o de desmascarar Sandra. A copeira procura o advogado e diz que ele caiu na l\u00e1bia da loira e foi usado para dar o golpe em\u00a0Anast\u00e1cia. Certo do amor da namorada, Ara\u00fajo n\u00e3o [&hellip;]<\/p>\n","protected":false},"author":4,"featured_media":82131,"comment_status":"open","ping_status":"closed","sticky":false,"template":"","format":"standard","meta":{"tdm_status":"","tdm_grid_status":"","footnotes":""},"categories":[379,375,343],"tags":[441],"class_list":{"0":"post-90916","1":"post","2":"type-post","3":"status-publish","4":"format-standard","5":"has-post-thumbnail","7":"category-novelas","8":"category-rede-globo","9":"category-televisao","10":"tag-resumo-do-dia"},"_links":{"self":[{"href":"https:\/\/migracao.redenoticia.com.br\/noticia\/wp-json\/wp\/v2\/posts\/90916","targetHints":{"allow":["GET"]}}],"collection":[{"href":"https:\/\/migracao.redenoticia.com.br\/noticia\/wp-json\/wp\/v2\/posts"}],"about":[{"href":"https:\/\/migracao.redenoticia.com.br\/noticia\/wp-json\/wp\/v2\/types\/post"}],"author":[{"embeddable":true,"href":"https:\/\/migracao.redenoticia.com.br\/noticia\/wp-json\/wp\/v2\/users\/4"}],"replies":[{"embeddable":true,"href":"https:\/\/migracao.redenoticia.com.br\/noticia\/wp-json\/wp\/v2\/comments?post=90916"}],"version-history":[{"count":0,"href":"https:\/\/migracao.redenoticia.com.br\/noticia\/wp-json\/wp\/v2\/posts\/90916\/revisions"}],"wp:featuredmedia":[{"embeddable":true,"href":"https:\/\/migracao.redenoticia.com.br\/noticia\/wp-json\/wp\/v2\/media\/82131"}],"wp:attachment":[{"href":"https:\/\/migracao.redenoticia.com.br\/noticia\/wp-json\/wp\/v2\/media?parent=90916"}],"wp:term":[{"taxonomy":"category","embeddable":true,"href":"https:\/\/migracao.redenoticia.com.br\/noticia\/wp-json\/wp\/v2\/categories?post=90916"},{"taxonomy":"post_tag","embeddable":true,"href":"https:\/\/migracao.redenoticia.com.br\/noticia\/wp-json\/wp\/v2\/tags?post=90916"}],"curies":[{"name":"wp","href":"https:\/\/api.w.org\/{rel}","templated":true}]}}