{"id":90921,"date":"2016-07-21T18:00:47","date_gmt":"2016-07-21T21:00:47","guid":{"rendered":"http:\/\/www.redenoticia.com.br\/noticia\/?p=90921"},"modified":"2016-07-21T16:55:07","modified_gmt":"2016-07-21T19:55:07","slug":"novela-malhacao-resumo-2207-tito-confronta-samurai","status":"publish","type":"post","link":"https:\/\/migracao.redenoticia.com.br\/noticia\/2016\/novela-malhacao-resumo-2207-tito-confronta-samurai\/90921","title":{"rendered":"Novela \u201cMalha\u00e7\u00e3o\u201d resumo 22\/07: Tito confronta Samurai"},"content":{"rendered":"<p><img loading=\"lazy\" decoding=\"async\" class=\"alignleft size-thumbnail wp-image-72511\" src=\"https:\/\/migracao.redenoticia.com.br\/noticia\/imagens\/malhacao_seu_lugar_no_mundo-150x112.jpg\" alt=\"malhacao_seu_lugar_no_mundo\" width=\"150\" height=\"112\" srcset=\"https:\/\/migracao.redenoticia.com.br\/noticia\/imagens\/malhacao_seu_lugar_no_mundo-150x112.jpg 150w, https:\/\/migracao.redenoticia.com.br\/noticia\/imagens\/malhacao_seu_lugar_no_mundo-265x198.jpg 265w\" sizes=\"auto, (max-width: 150px) 100vw, 150px\" \/><strong><em>Novela \u201cMalha\u00e7\u00e3o\u201d resumo 22\/07 <\/em><\/strong>:\u00a0Pedro tentou, mas n\u00e3o conseguiu livrar a cara de\u00a0Rodrigo e este acaba por se dar mal, pois a pol\u00edcia encontra drogas no seu carro. Ana fica desesperada com a not\u00edcia e diz a Tito\u00a0que j\u00e1 estava desconfiada do comportamento de\u00a0Samurai. Ela e Miguel v\u00e3o \u00e0 delegacia. Miguel afirma ao delegado que o conte\u00fado il\u00edcito encontrado no carro \u00e9 dele, mas o delegado percebe a inten\u00e7\u00e3o de Miguel e o repreende. Depois, Miguel aproveita que est\u00e1 pr\u00f3ximo de Ana e pede para voltar para casa, mas ela o dispensa. Mais tarde, Tito confronta Samurai pelo ocorrido e Pedro sai em defesa do irm\u00e3o.<\/p>\n<p>No cap\u00edtulo 243(*), novela \u201cMalha\u00e7\u00e3o\u201d, sexta-feira, 22 de julho \u2013 o delegado percebe a inten\u00e7\u00e3o de Miguel e o repreende. Pedro critica Samurai por ter tentado incriminar Rodrigo. Miguel pede a Ana para voltar para casa. Nanda e Filipe t\u00eam a primeira noite no novo apartamento.<\/p>\n<p>Samurai tenta provocar Rodrigo. Ana dispensa Miguel. Samurai vai \u00e0 casa de Luciana. Filipe percebe que deixou a carteira no s\u00edtio de Samurai. Glauco decide dividir a paternidade do filho de Krica com Cleiton. Tito confronta Samurai.<\/p>\n<p>Arthur estuda com J\u00falia. Pedro defende Tito de Samurai. Krica vai ao m\u00e9dico com Cleiton e Glauco e descobre que est\u00e1 gr\u00e1vida de g\u00eameos. Samurai entra no quarto secreto.<\/p>\n<p>(*) edi\u00e7\u00e3o da Rede Globo, Novela \u201cMalha\u00e7\u00e3o\u201d, sujeito a altera\u00e7\u00e3o de data e conte\u00fado.<\/p>\n","protected":false},"excerpt":{"rendered":"<p>Novela \u201cMalha\u00e7\u00e3o\u201d resumo 22\/07 :\u00a0Pedro tentou, mas n\u00e3o conseguiu livrar a cara de\u00a0Rodrigo e este acaba por se dar mal, pois a pol\u00edcia encontra drogas no seu carro. Ana fica desesperada com a not\u00edcia e diz a Tito\u00a0que j\u00e1 estava desconfiada do comportamento de\u00a0Samurai. Ela e Miguel v\u00e3o \u00e0 delegacia. Miguel afirma ao delegado que [&hellip;]<\/p>\n","protected":false},"author":4,"featured_media":72511,"comment_status":"open","ping_status":"closed","sticky":false,"template":"","format":"standard","meta":{"tdm_status":"","tdm_grid_status":"","footnotes":""},"categories":[379,375,343],"tags":[441],"class_list":{"0":"post-90921","1":"post","2":"type-post","3":"status-publish","4":"format-standard","5":"has-post-thumbnail","7":"category-novelas","8":"category-rede-globo","9":"category-televisao","10":"tag-resumo-do-dia"},"_links":{"self":[{"href":"https:\/\/migracao.redenoticia.com.br\/noticia\/wp-json\/wp\/v2\/posts\/90921","targetHints":{"allow":["GET"]}}],"collection":[{"href":"https:\/\/migracao.redenoticia.com.br\/noticia\/wp-json\/wp\/v2\/posts"}],"about":[{"href":"https:\/\/migracao.redenoticia.com.br\/noticia\/wp-json\/wp\/v2\/types\/post"}],"author":[{"embeddable":true,"href":"https:\/\/migracao.redenoticia.com.br\/noticia\/wp-json\/wp\/v2\/users\/4"}],"replies":[{"embeddable":true,"href":"https:\/\/migracao.redenoticia.com.br\/noticia\/wp-json\/wp\/v2\/comments?post=90921"}],"version-history":[{"count":0,"href":"https:\/\/migracao.redenoticia.com.br\/noticia\/wp-json\/wp\/v2\/posts\/90921\/revisions"}],"wp:featuredmedia":[{"embeddable":true,"href":"https:\/\/migracao.redenoticia.com.br\/noticia\/wp-json\/wp\/v2\/media\/72511"}],"wp:attachment":[{"href":"https:\/\/migracao.redenoticia.com.br\/noticia\/wp-json\/wp\/v2\/media?parent=90921"}],"wp:term":[{"taxonomy":"category","embeddable":true,"href":"https:\/\/migracao.redenoticia.com.br\/noticia\/wp-json\/wp\/v2\/categories?post=90921"},{"taxonomy":"post_tag","embeddable":true,"href":"https:\/\/migracao.redenoticia.com.br\/noticia\/wp-json\/wp\/v2\/tags?post=90921"}],"curies":[{"name":"wp","href":"https:\/\/api.w.org\/{rel}","templated":true}]}}