{"id":90922,"date":"2016-07-21T20:29:58","date_gmt":"2016-07-21T23:29:58","guid":{"rendered":"http:\/\/www.redenoticia.com.br\/noticia\/?p=90922"},"modified":"2016-07-22T21:52:15","modified_gmt":"2016-07-23T00:52:15","slug":"novela-a-terra-prometida-resumo-2207-aproximacao-de-josue-e-aruna-irrita-samara","status":"publish","type":"post","link":"https:\/\/migracao.redenoticia.com.br\/noticia\/2016\/novela-a-terra-prometida-resumo-2207-aproximacao-de-josue-e-aruna-irrita-samara\/90922","title":{"rendered":"Novela \u201cA Terra Prometida\u201d resumo 22\/07: aproxima\u00e7\u00e3o de Josu\u00e9 e Aruna irrita Samara"},"content":{"rendered":"<p> <img loading=\"lazy\" decoding=\"async\" class=\"alignleft size-thumbnail wp-image-89446\" src=\"https:\/\/migracao.redenoticia.com.br\/noticia\/imagens\/a-terra-prometida-novela-record-resumo-150x112.jpg\" alt=\"a-terra-prometida-novela-record-resumo\" width=\"150\" height=\"112\" srcset=\"https:\/\/migracao.redenoticia.com.br\/noticia\/imagens\/a-terra-prometida-novela-record-resumo-150x112.jpg 150w, https:\/\/migracao.redenoticia.com.br\/noticia\/imagens\/a-terra-prometida-novela-record-resumo-265x198.jpg 265w\" sizes=\"auto, (max-width: 150px) 100vw, 150px\" \/><strong><em>Novela \u201cA Terra Prometida\u201d resumo 22\/07<\/em><\/strong>: L\u00e9ia diz que Samara precisa fingir gostar de Aruna. Aruna se incomoda ao ver Samara dizendo que achou o anel de Josu\u00e9. O l\u00edder hebreu sai de sua tenda para falar com Aruna. Sem ser notado, Josu\u00e9 tenta observar Aruna. Ele acaba esbarrando em uma ferramenta e a mo\u00e7a fica surpresa com sua presen\u00e7a. Josu\u00e9 pede para conversar com Aruna. Aruna pede desculpas a Josu\u00e9. Samara se Incomoda com a aproxima\u00e7\u00e3o entre Josu\u00e9 e Aruna. L\u00e9ia fica decepcionada ao ouvir o marido incentivar a rela\u00e7\u00e3o de Josu\u00e9 e Aruna. <\/p>\n<p>No capitulo 014(*), novela \u201cA Terra Prometida\u201d, sexta-feira, 22 de julho &#8211; Josu\u00e9 tenta falar com Aruna sobre a conversa que tiveram, mas a mo\u00e7a desconversa. L\u00e9ia diz que Samara precisa fingir gostar de Aruna. Livana e Maquir se beijam. Ela assume amar o rapaz, mas prefere n\u00e3o se entregar a esta paix\u00e3o. Laila estranha o comportamento da filha. Haniel avisa aos filhos que eles receber\u00e3o uma visita importante. Tobias melhora e deixa a tenda hospital. Haniel e os filhos preparam um jantar para receber In\u00eas. Ela avisa que j\u00e1 tem uma pretendente para o l\u00edder tribal. Josu\u00e9 avisa que a tenda de Quemuel j\u00e1 est\u00e1 pronta. Samara se oferece para continuar limpando a moradia do guerreiro hebreu. Salmon se aproxima da gaiola onde Melquias est\u00e1 preso. Ele provoca os soldados vigias e foge a cavalo. Raabe o encontra e eles colocam um boneco em cima do cavalo para despistar os oficiais. Salmon finalmente consegue resgatar Melquias. Os soldados que vigiavam a gaiola percebem que se trata de um boneco. <\/p>\n<p>Aruna se incomoda ao ver Samara dizendo que achou o anel de Josu\u00e9. O l\u00edder hebreu sai de sua tenda para falar com Aruna. No caminho ele escuta alguns homens duvidando de sua lideran\u00e7a e prova que \u00e9 capaz de liderar os hebreus. Sem ser notado, Josu\u00e9 tenta observar Aruna. Ele acaba esbarrando em uma ferramenta e a mo\u00e7a fica surpresa com sua presen\u00e7a. Josu\u00e9 pede para conversar com Aruna. <\/p>\n<p>Tibar se enfurece ao ver que o hebreu espi\u00e3o fugiu. Aruna pede desculpas a Josu\u00e9. Salmon e Raabe levam Melquias para a estalagem. Samara se Incomoda com a aproxima\u00e7\u00e3o entre Josu\u00e9 e Aruna. Ela questiona a irm\u00e3 de cria\u00e7\u00e3o. Aruna se recorda da conversa com Josu\u00e9. O l\u00edder hebreu questiona Quemuel sobre o passado da mo\u00e7a. O l\u00edder da Tribo Efraim conta que a m\u00e3e de Aruna a abandonou anos atr\u00e1s. Tobias avisa que o pai n\u00e3o gosta de falar sobre o passado dela. <\/p>\n<p>(*) edi\u00e7\u00e3o da Rede Record, Novela \u201cA Terra Prometida\u201d, sujeito a altera\u00e7\u00e3o de data e conte\u00fado.<\/p>\n","protected":false},"excerpt":{"rendered":"<p>Novela \u201cA Terra Prometida\u201d resumo 22\/07: L\u00e9ia diz que Samara precisa fingir gostar de Aruna. Aruna se incomoda ao ver Samara dizendo que achou o anel de Josu\u00e9. O l\u00edder hebreu sai de sua tenda para falar com Aruna. Sem ser notado, Josu\u00e9 tenta observar Aruna. Ele acaba esbarrando em uma ferramenta e a mo\u00e7a [&hellip;]<\/p>\n","protected":false},"author":2,"featured_media":89446,"comment_status":"open","ping_status":"closed","sticky":false,"template":"","format":"standard","meta":{"tdm_status":"","tdm_grid_status":"","footnotes":""},"categories":[446,379,371,343],"tags":[441],"class_list":{"0":"post-90922","1":"post","2":"type-post","3":"status-publish","4":"format-standard","5":"has-post-thumbnail","7":"category-a-terra-prometida","8":"category-novelas","9":"category-rede-record","10":"category-televisao","11":"tag-resumo-do-dia"},"_links":{"self":[{"href":"https:\/\/migracao.redenoticia.com.br\/noticia\/wp-json\/wp\/v2\/posts\/90922","targetHints":{"allow":["GET"]}}],"collection":[{"href":"https:\/\/migracao.redenoticia.com.br\/noticia\/wp-json\/wp\/v2\/posts"}],"about":[{"href":"https:\/\/migracao.redenoticia.com.br\/noticia\/wp-json\/wp\/v2\/types\/post"}],"author":[{"embeddable":true,"href":"https:\/\/migracao.redenoticia.com.br\/noticia\/wp-json\/wp\/v2\/users\/2"}],"replies":[{"embeddable":true,"href":"https:\/\/migracao.redenoticia.com.br\/noticia\/wp-json\/wp\/v2\/comments?post=90922"}],"version-history":[{"count":0,"href":"https:\/\/migracao.redenoticia.com.br\/noticia\/wp-json\/wp\/v2\/posts\/90922\/revisions"}],"wp:featuredmedia":[{"embeddable":true,"href":"https:\/\/migracao.redenoticia.com.br\/noticia\/wp-json\/wp\/v2\/media\/89446"}],"wp:attachment":[{"href":"https:\/\/migracao.redenoticia.com.br\/noticia\/wp-json\/wp\/v2\/media?parent=90922"}],"wp:term":[{"taxonomy":"category","embeddable":true,"href":"https:\/\/migracao.redenoticia.com.br\/noticia\/wp-json\/wp\/v2\/categories?post=90922"},{"taxonomy":"post_tag","embeddable":true,"href":"https:\/\/migracao.redenoticia.com.br\/noticia\/wp-json\/wp\/v2\/tags?post=90922"}],"curies":[{"name":"wp","href":"https:\/\/api.w.org\/{rel}","templated":true}]}}