{"id":90924,"date":"2016-07-21T17:30:35","date_gmt":"2016-07-21T20:30:35","guid":{"rendered":"http:\/\/www.redenoticia.com.br\/noticia\/?p=90924"},"modified":"2016-07-21T16:49:46","modified_gmt":"2016-07-21T19:49:46","slug":"novela-anjo-mau-resumo-2207-bruno-acusa-rui-de-ter-tentado-matar-sua-mae","status":"publish","type":"post","link":"https:\/\/migracao.redenoticia.com.br\/noticia\/2016\/novela-anjo-mau-resumo-2207-bruno-acusa-rui-de-ter-tentado-matar-sua-mae\/90924","title":{"rendered":"Novela \u201cAnjo Mau\u201d resumo 22\/07: Teresa diz que Rui atirou nela"},"content":{"rendered":"<p><img loading=\"lazy\" decoding=\"async\" class=\"alignleft size-thumbnail wp-image-83094\" src=\"https:\/\/migracao.redenoticia.com.br\/noticia\/imagens\/anjo_mau_novela_resumo-150x112.jpg\" alt=\"anjo_mau_novela_resumo\" width=\"150\" height=\"112\" srcset=\"https:\/\/migracao.redenoticia.com.br\/noticia\/imagens\/anjo_mau_novela_resumo-150x112.jpg 150w, https:\/\/migracao.redenoticia.com.br\/noticia\/imagens\/anjo_mau_novela_resumo-265x198.jpg 265w\" sizes=\"auto, (max-width: 150px) 100vw, 150px\" \/><strong><em>Novela \u201cAnjo Mau\u201d resumo 22\/07<\/em><\/strong>:\u00a0Rui est\u00e1 com Teresa e, ao perceber que ela acordou, ele desliga o aparelho de oxig\u00eanio. Mas, Bruno chega e chama o m\u00e9dico, que liga novamente o aparelho e salva a vida de Teresa. Bruno acusa Rui de ter tentado matar sua m\u00e3e e o amea\u00e7a. Depois, quando Paula est\u00e1 com ela, Teresa d\u00e1 um sinal e diz que foi Rui quem atirou nela. A filha se recusa a defender Ricardo e acusar o pr\u00f3prio pai.<\/p>\n<p>No cap\u00edtulo 085(*), novela \u201cAnjo Mau\u201d, sexta-feira, 22 de julho \u2013 Bruno chega e chama o m\u00e9dico, que liga novamente o aparelho de oxig\u00eanio de Teresa. Bruno acusa Rui de ter tentado matar sua m\u00e3e e o amea\u00e7a.<\/p>\n<p>Teresa d\u00e1 um sinal a Paula que foi Rui quem atirou nela, mas a filha se recusa a defender Ricardo e acusar o pr\u00f3prio pai.<\/p>\n<p>Paula se insinua para Rodrigo dizendo que ir\u00e1 ajudar Ricardo a sair da cadeia. L\u00edgia flagra os dois.<\/p>\n<p>(*) edi\u00e7\u00e3o da Rede Globo, Novela \u201cAnjo Mau\u201d, sujeito a altera\u00e7\u00e3o de data e conte\u00fado.<\/p>\n","protected":false},"excerpt":{"rendered":"<p>Novela \u201cAnjo Mau\u201d resumo 22\/07:\u00a0Rui est\u00e1 com Teresa e, ao perceber que ela acordou, ele desliga o aparelho de oxig\u00eanio. Mas, Bruno chega e chama o m\u00e9dico, que liga novamente o aparelho e salva a vida de Teresa. Bruno acusa Rui de ter tentado matar sua m\u00e3e e o amea\u00e7a. Depois, quando Paula est\u00e1 com [&hellip;]<\/p>\n","protected":false},"author":4,"featured_media":83094,"comment_status":"open","ping_status":"closed","sticky":false,"template":"","format":"standard","meta":{"tdm_status":"","tdm_grid_status":"","footnotes":""},"categories":[379,375,343],"tags":[441],"class_list":{"0":"post-90924","1":"post","2":"type-post","3":"status-publish","4":"format-standard","5":"has-post-thumbnail","7":"category-novelas","8":"category-rede-globo","9":"category-televisao","10":"tag-resumo-do-dia"},"_links":{"self":[{"href":"https:\/\/migracao.redenoticia.com.br\/noticia\/wp-json\/wp\/v2\/posts\/90924","targetHints":{"allow":["GET"]}}],"collection":[{"href":"https:\/\/migracao.redenoticia.com.br\/noticia\/wp-json\/wp\/v2\/posts"}],"about":[{"href":"https:\/\/migracao.redenoticia.com.br\/noticia\/wp-json\/wp\/v2\/types\/post"}],"author":[{"embeddable":true,"href":"https:\/\/migracao.redenoticia.com.br\/noticia\/wp-json\/wp\/v2\/users\/4"}],"replies":[{"embeddable":true,"href":"https:\/\/migracao.redenoticia.com.br\/noticia\/wp-json\/wp\/v2\/comments?post=90924"}],"version-history":[{"count":0,"href":"https:\/\/migracao.redenoticia.com.br\/noticia\/wp-json\/wp\/v2\/posts\/90924\/revisions"}],"wp:featuredmedia":[{"embeddable":true,"href":"https:\/\/migracao.redenoticia.com.br\/noticia\/wp-json\/wp\/v2\/media\/83094"}],"wp:attachment":[{"href":"https:\/\/migracao.redenoticia.com.br\/noticia\/wp-json\/wp\/v2\/media?parent=90924"}],"wp:term":[{"taxonomy":"category","embeddable":true,"href":"https:\/\/migracao.redenoticia.com.br\/noticia\/wp-json\/wp\/v2\/categories?post=90924"},{"taxonomy":"post_tag","embeddable":true,"href":"https:\/\/migracao.redenoticia.com.br\/noticia\/wp-json\/wp\/v2\/tags?post=90924"}],"curies":[{"name":"wp","href":"https:\/\/api.w.org\/{rel}","templated":true}]}}