{"id":9093,"date":"2009-08-19T11:46:00","date_gmt":"2009-08-19T15:46:00","guid":{"rendered":"http:\/\/www.redenoticia.com.br\/noticia\/?p=9093"},"modified":"2009-08-19T11:46:00","modified_gmt":"2009-08-19T15:46:00","slug":"climatempo-manaus-tem-um-novo-recorde-de-calor","status":"publish","type":"post","link":"https:\/\/migracao.redenoticia.com.br\/noticia\/2009\/climatempo-manaus-tem-um-novo-recorde-de-calor\/9093","title":{"rendered":"Climatempo &#8211; Manaus tem um novo recorde de calor"},"content":{"rendered":"<p>Manaus vem tendo sucessivos recordes de calor este m\u00eas e bateu de novo nesta \u00faltima ter\u00e7a-feira. Segundo o Instituto Nacional de Meteorologia, a temperatura \u00e0s 15 horas chegou aos 35,9\u00baC, superando os 35,5 \u00baC de segunda-feira, que era o recorde de calor do ano.\u00a0De acordo com as previs\u00f5es da Climatempo Meteorologia, desde o in\u00edcio de agosto, as temperaturas m\u00e1ximas em Manaus ficaram abaixo dos 34\u00baC apenas em 3 dias. A m\u00e9dia est\u00e1 34,4\u00baC, quase 2o acima do normal. Agosto, e principalmente setembro e outubro, s\u00e3o os meses mais quentes do ano em Manaus e tamb\u00e9m quando chove pouco.\u00a0<\/p>\n<p>\u00c9 justamente a menor quantidade de nuvens e de chuva que permite um aquecimento excessivo nestes tr\u00eas meses. A m\u00e9dia de chuva de agosto \u00e9 de aproximadamente 58 mil\u00edmetros e a menor do ano. Manaus tem tido dias ensolarados e o total de chuva acumulado este m\u00eas n\u00e3o chega nem a 6 mil\u00edmetros.<\/p>\n<p>At\u00e9 o fim de semana, faz bastante calor em todo o estado do Amazonas. Em Manaus, h\u00e1 possibilidade de pancadas de chuva \u00e0 tarde.<\/p>\n<p>Sobre o Grupo Climatempo<\/p>\n<p>O Grupo Climatempo \u00e9 a maior empresa privada de meteorologia do pa\u00eds. Uma holding formada pela Climatempo Consultoria, Ag\u00eancia Climatempo, a TV Climatempo e a CLIMANET (Internet, servi\u00e7os de tecnologia e inform\u00e1tica). Atualmente, o Grupo Climatempo fornece conte\u00fado para os principais portais do pa\u00eds, mais de 50 retransmissoras de televis\u00e3o do Brasil, r\u00e1dios e tem cerca de mil clientes. Os dois principais segmentos atendidos s\u00e3o o de agroneg\u00f3cios e meios de comunica\u00e7\u00e3o. Al\u00e9m destes, fornece conte\u00fado meteorol\u00f3gico estrat\u00e9gico para produtoras, a ind\u00fastria eletroeletr\u00f4nica e t\u00eaxtil, com\u00e9rcio, moda e turismo, constru\u00e7\u00e3o civil, setor de energia, entre outros setores.<\/p>\n","protected":false},"excerpt":{"rendered":"<p>Manaus vem tendo sucessivos recordes de calor este m\u00eas e bateu de novo nesta \u00faltima ter\u00e7a-feira. Segundo o Instituto Nacional de Meteorologia, a temperatura \u00e0s 15 horas chegou aos 35,9\u00baC, superando os 35,5 \u00baC de segunda-feira, que era o recorde de calor do ano.\u00a0De acordo com as previs\u00f5es da Climatempo Meteorologia, desde o in\u00edcio de [&hellip;]<\/p>\n","protected":false},"author":3,"featured_media":0,"comment_status":"open","ping_status":"open","sticky":false,"template":"","format":"standard","meta":{"tdm_status":"","tdm_grid_status":"","footnotes":""},"categories":[22,327],"tags":[],"class_list":{"0":"post-9093","1":"post","2":"type-post","3":"status-publish","4":"format-standard","6":"category-brasil","7":"category-clima"},"_links":{"self":[{"href":"https:\/\/migracao.redenoticia.com.br\/noticia\/wp-json\/wp\/v2\/posts\/9093","targetHints":{"allow":["GET"]}}],"collection":[{"href":"https:\/\/migracao.redenoticia.com.br\/noticia\/wp-json\/wp\/v2\/posts"}],"about":[{"href":"https:\/\/migracao.redenoticia.com.br\/noticia\/wp-json\/wp\/v2\/types\/post"}],"author":[{"embeddable":true,"href":"https:\/\/migracao.redenoticia.com.br\/noticia\/wp-json\/wp\/v2\/users\/3"}],"replies":[{"embeddable":true,"href":"https:\/\/migracao.redenoticia.com.br\/noticia\/wp-json\/wp\/v2\/comments?post=9093"}],"version-history":[{"count":0,"href":"https:\/\/migracao.redenoticia.com.br\/noticia\/wp-json\/wp\/v2\/posts\/9093\/revisions"}],"wp:attachment":[{"href":"https:\/\/migracao.redenoticia.com.br\/noticia\/wp-json\/wp\/v2\/media?parent=9093"}],"wp:term":[{"taxonomy":"category","embeddable":true,"href":"https:\/\/migracao.redenoticia.com.br\/noticia\/wp-json\/wp\/v2\/categories?post=9093"},{"taxonomy":"post_tag","embeddable":true,"href":"https:\/\/migracao.redenoticia.com.br\/noticia\/wp-json\/wp\/v2\/tags?post=9093"}],"curies":[{"name":"wp","href":"https:\/\/api.w.org\/{rel}","templated":true}]}}