{"id":90978,"date":"2016-07-22T10:43:36","date_gmt":"2016-07-22T13:43:36","guid":{"rendered":"http:\/\/www.redenoticia.com.br\/noticia\/?p=90978"},"modified":"2016-07-21T18:44:48","modified_gmt":"2016-07-21T21:44:48","slug":"sp-inicia-testes-clinicos-da-fosfoetanolamina-sintetica","status":"publish","type":"post","link":"https:\/\/migracao.redenoticia.com.br\/noticia\/2016\/sp-inicia-testes-clinicos-da-fosfoetanolamina-sintetica\/90978","title":{"rendered":"SP inicia testes cl\u00ednicos da fosfoetanolamina sint\u00e9tica"},"content":{"rendered":"<p> Os testes cl\u00ednicos em humanos da <strong><em>fosfoetanolamina sint\u00e9tica<\/em><\/strong>, subst\u00e2ncia usada no tratamento do c\u00e2ncer, ter\u00e3o in\u00edcio nesta segunda-feira (25) em S\u00e3o Paulo. O an\u00fancio foi feito pelo governador Geraldo Alckmin no Pal\u00e1cio dos Bandeirantes. <\/p>\n<p>Trata-se de uma pesquisa cl\u00ednica pioneira, que ser\u00e1 conduzida pelo Instituto do C\u00e2ncer do Estado de S\u00e3o Paulo (Icesp), na capital paulista. O in\u00edcio dos testes foi liberado j\u00e1 que a realiza\u00e7\u00e3o do estudo foi aprovada pela Comiss\u00e3o Nacional de \u00c9tica em Pesquisa, do Minist\u00e9rio da Sa\u00fade.<\/p>\n<p>\u201cN\u00f3s teremos nessa primeira etapa 210 pacientes que come\u00e7am nesta segunda-feira a tomar a p\u00edlula fosfoetanolamina. Vai ser feito o acompanhamento com todo o rigor cient\u00edfico e em dois meses j\u00e1 teremos uma avalia\u00e7\u00e3o do resultado\u201d, disse Alckmin.<\/p>\n<p> \u00c9 a primeira vez na hist\u00f3ria que a fosfoetanolamina sint\u00e9tica ser\u00e1 testada em humanos, por iniciativa do governo de S\u00e3o Paulo, visando analisar a efic\u00e1cia da subst\u00e2ncia no tratamento do c\u00e2ncer. O estudo prev\u00ea uma primeira fase, em que ser\u00e3o avaliados 10 pacientes para determinar a seguran\u00e7a da dose que vem sendo utilizada na comunidade. Ap\u00f3s essa primeira etapa, caso a droga n\u00e3o apresente efeitos colaterais graves, a pesquisa prosseguir\u00e1.<\/p>\n<p> O Icesp recebeu da Funda\u00e7\u00e3o para o Rem\u00e9dio Popular (Furp), laborat\u00f3rio oficial da Secretaria da Sa\u00fade de S\u00e3o Paulo, c\u00e1psulas suficientes da subst\u00e2ncia para realizar a pesquisa. A sintetiza\u00e7\u00e3o da fosfoetanolamina foi feita pelo laborat\u00f3rio PDT Pharma, localizado no munic\u00edpio de Cravinhos, interior paulista. A Furp encapsulou a subst\u00e2ncia e entregou ao Icesp. O pesquisador aposentado da USP de S\u00e3o Carlos, Gilberto Chierice, tem acompanhado todo o processo.<\/p>\n<p>Testes<br \/>\nNo est\u00e1gio 1, est\u00e1 previsto a inclus\u00e3o de mais 21 pacientes para cada um dos 10 grupos (tipos) de tumor: cabe\u00e7a e pesco\u00e7o, pulm\u00e3o, mama, c\u00f3lon e reto (intestino), colo uterino, pr\u00f3stata, melanoma, p\u00e2ncreas, est\u00f4mago e f\u00edgado. Os candidatos passar\u00e3o por triagem e dever\u00e3o preencher os crit\u00e9rios de elegibilidade para determinar a seguran\u00e7a da droga. Se observados sinais de atividade da subst\u00e2ncia nessa fase, o est\u00e1gio 2 se iniciar\u00e1 com mais 20 participantes em cada grupo.<\/p>\n<p>Progressivamente, desde que se comprove atividade relevante, a inclus\u00e3o de novos pacientes continuar\u00e1 at\u00e9 atingir o m\u00e1ximo total de 1.000 pessoas (100 para cada tipo de c\u00e2ncer). A estrat\u00e9gia adotada permitir\u00e1 melhor compreens\u00e3o da droga. Todos os pacientes ser\u00e3o monitorados continuamente por uma equipe multiprofissional com larga experi\u00eancia em testes cl\u00ednicos, no Icesp.<\/p>\n<p>&#8220;O projeto de pesquisa cl\u00ednica foi desenhado sob a \u00f3tica de especialistas de alto conhecimento t\u00e9cnico. Nossa prioridade \u00e9 a seguran\u00e7a dos pacientes, por isso, nesse primeiro momento, vamos avaliar, com grande responsabilidade, se a droga \u00e9 segura e se h\u00e1 evid\u00eancia de atividade. \u00c9 um processo extenso, que deve ser acompanhado com cautela&#8221;, destaca o oncologista Paulo Hoff, diretor-geral do Icesp.<\/p>\n<p> Do Portal do Governo do Estado SP<\/p>\n","protected":false},"excerpt":{"rendered":"<p>Os testes cl\u00ednicos em humanos da fosfoetanolamina sint\u00e9tica, subst\u00e2ncia usada no tratamento do c\u00e2ncer, ter\u00e3o in\u00edcio nesta segunda-feira (25) em S\u00e3o Paulo. O an\u00fancio foi feito pelo governador Geraldo Alckmin no Pal\u00e1cio dos Bandeirantes. Trata-se de uma pesquisa cl\u00ednica pioneira, que ser\u00e1 conduzida pelo Instituto do C\u00e2ncer do Estado de S\u00e3o Paulo (Icesp), na capital [&hellip;]<\/p>\n","protected":false},"author":2,"featured_media":37376,"comment_status":"open","ping_status":"closed","sticky":false,"template":"","format":"standard","meta":{"tdm_status":"","tdm_grid_status":"","footnotes":""},"categories":[22,5],"tags":[],"class_list":{"0":"post-90978","1":"post","2":"type-post","3":"status-publish","4":"format-standard","5":"has-post-thumbnail","7":"category-brasil","8":"category-saude-e-vida"},"_links":{"self":[{"href":"https:\/\/migracao.redenoticia.com.br\/noticia\/wp-json\/wp\/v2\/posts\/90978","targetHints":{"allow":["GET"]}}],"collection":[{"href":"https:\/\/migracao.redenoticia.com.br\/noticia\/wp-json\/wp\/v2\/posts"}],"about":[{"href":"https:\/\/migracao.redenoticia.com.br\/noticia\/wp-json\/wp\/v2\/types\/post"}],"author":[{"embeddable":true,"href":"https:\/\/migracao.redenoticia.com.br\/noticia\/wp-json\/wp\/v2\/users\/2"}],"replies":[{"embeddable":true,"href":"https:\/\/migracao.redenoticia.com.br\/noticia\/wp-json\/wp\/v2\/comments?post=90978"}],"version-history":[{"count":0,"href":"https:\/\/migracao.redenoticia.com.br\/noticia\/wp-json\/wp\/v2\/posts\/90978\/revisions"}],"wp:featuredmedia":[{"embeddable":true,"href":"https:\/\/migracao.redenoticia.com.br\/noticia\/wp-json\/wp\/v2\/media\/37376"}],"wp:attachment":[{"href":"https:\/\/migracao.redenoticia.com.br\/noticia\/wp-json\/wp\/v2\/media?parent=90978"}],"wp:term":[{"taxonomy":"category","embeddable":true,"href":"https:\/\/migracao.redenoticia.com.br\/noticia\/wp-json\/wp\/v2\/categories?post=90978"},{"taxonomy":"post_tag","embeddable":true,"href":"https:\/\/migracao.redenoticia.com.br\/noticia\/wp-json\/wp\/v2\/tags?post=90978"}],"curies":[{"name":"wp","href":"https:\/\/api.w.org\/{rel}","templated":true}]}}