{"id":90999,"date":"2016-07-22T19:30:02","date_gmt":"2016-07-22T22:30:02","guid":{"rendered":"http:\/\/www.redenoticia.com.br\/noticia\/?p=90999"},"modified":"2016-07-22T17:34:52","modified_gmt":"2016-07-22T20:34:52","slug":"novela-haja-coracao-resumo-2307-giovanni-procura-camila-e-implora-para-que-ela-o-escute","status":"publish","type":"post","link":"https:\/\/migracao.redenoticia.com.br\/noticia\/2016\/novela-haja-coracao-resumo-2307-giovanni-procura-camila-e-implora-para-que-ela-o-escute\/90999","title":{"rendered":"Novela \u201cHaja Cora\u00e7\u00e3o\u201d resumo 23\/07: Giovanni procura Camila"},"content":{"rendered":"<p><img loading=\"lazy\" decoding=\"async\" class=\"alignleft size-thumbnail wp-image-87038\" src=\"https:\/\/migracao.redenoticia.com.br\/noticia\/imagens\/haja_coracao_novela_resumo_capitulo_globo-150x112.jpg\" alt=\"haja_coracao_novela_resumo_capitulo_globo\" width=\"150\" height=\"112\" srcset=\"https:\/\/migracao.redenoticia.com.br\/noticia\/imagens\/haja_coracao_novela_resumo_capitulo_globo-150x112.jpg 150w, https:\/\/migracao.redenoticia.com.br\/noticia\/imagens\/haja_coracao_novela_resumo_capitulo_globo-265x198.jpg 265w\" sizes=\"auto, (max-width: 150px) 100vw, 150px\" \/><strong><em>Novela \u201cHaja Cora\u00e7\u00e3o\u201d resumo 23\/07<\/em><\/strong>:\u00a0durante desfile na Perip\u00e9cia, Camila acaba por descobrir toda a verdade sobre\u00a0Giovanni, depois que\u00a0Bruna e\u00a0En\u00e9as armam e exibem no evento a reportagem sobre a pris\u00e3o do rapaz. Giovanni tenta se explicar, mas En\u00e9as conta todos os detalhes \u00e0 ex e diz que o rapaz \u00e9 um criminoso, que s\u00f3 quer se vingar. Giovanni e En\u00e9as acabam por se agredirem fisicamente. Depois Giovanni procura Camila e implora para que ela o escute. Ele tenta convenc\u00ea-la de que n\u00e3o quer se vingar dela. Mais tarde, En\u00e9as avisa a Camila que os seguran\u00e7as v\u00e3o vigiar a portaria para impedir a entrada de Giovanni.<\/p>\n<p>No cap\u00edtulo 047(*), novela \u201cHaja Cora\u00e7\u00e3o\u201d, s\u00e1bado, 23 de julho \u2013 Giovanni tenta convencer Camila de que n\u00e3o quer se vingar dela. Carol conta para os irm\u00e3os que Afonso morreu e pede que eles guardem segredo at\u00e9 que ela atinja a maioridade.<\/p>\n<p>Nair aconselha Apolo a se reconciliar com Tancinha. Bruna l\u00ea o testamento deixado por Teodora. Leonora estranha o comportamento de Luciano. Dinalda ajuda Henrique a marcar um encontro com Pen\u00e9lope.<\/p>\n<p>Rebeca pergunta a Pedro se ele tem problemas com a Justi\u00e7a. En\u00e9as avisa a Camila que os seguran\u00e7as vigiar\u00e3o a portaria para impedir a entrada de Giovanni. Apolo se reaproxima de Tancinha. Tancinha confirma para Apolo que beijou Beto.<\/p>\n<p>(*) edi\u00e7\u00e3o da Rede Globo, Novela \u201cHaja Cora\u00e7\u00e3o\u201d, sujeito a altera\u00e7\u00e3o de data e conte\u00fado.<\/p>\n","protected":false},"excerpt":{"rendered":"<p>Novela \u201cHaja Cora\u00e7\u00e3o\u201d resumo 23\/07:\u00a0durante desfile na Perip\u00e9cia, Camila acaba por descobrir toda a verdade sobre\u00a0Giovanni, depois que\u00a0Bruna e\u00a0En\u00e9as armam e exibem no evento a reportagem sobre a pris\u00e3o do rapaz. Giovanni tenta se explicar, mas En\u00e9as conta todos os detalhes \u00e0 ex e diz que o rapaz \u00e9 um criminoso, que s\u00f3 quer se [&hellip;]<\/p>\n","protected":false},"author":4,"featured_media":87038,"comment_status":"open","ping_status":"closed","sticky":false,"template":"","format":"standard","meta":{"tdm_status":"","tdm_grid_status":"","footnotes":""},"categories":[379,375,343],"tags":[441],"class_list":{"0":"post-90999","1":"post","2":"type-post","3":"status-publish","4":"format-standard","5":"has-post-thumbnail","7":"category-novelas","8":"category-rede-globo","9":"category-televisao","10":"tag-resumo-do-dia"},"_links":{"self":[{"href":"https:\/\/migracao.redenoticia.com.br\/noticia\/wp-json\/wp\/v2\/posts\/90999","targetHints":{"allow":["GET"]}}],"collection":[{"href":"https:\/\/migracao.redenoticia.com.br\/noticia\/wp-json\/wp\/v2\/posts"}],"about":[{"href":"https:\/\/migracao.redenoticia.com.br\/noticia\/wp-json\/wp\/v2\/types\/post"}],"author":[{"embeddable":true,"href":"https:\/\/migracao.redenoticia.com.br\/noticia\/wp-json\/wp\/v2\/users\/4"}],"replies":[{"embeddable":true,"href":"https:\/\/migracao.redenoticia.com.br\/noticia\/wp-json\/wp\/v2\/comments?post=90999"}],"version-history":[{"count":0,"href":"https:\/\/migracao.redenoticia.com.br\/noticia\/wp-json\/wp\/v2\/posts\/90999\/revisions"}],"wp:featuredmedia":[{"embeddable":true,"href":"https:\/\/migracao.redenoticia.com.br\/noticia\/wp-json\/wp\/v2\/media\/87038"}],"wp:attachment":[{"href":"https:\/\/migracao.redenoticia.com.br\/noticia\/wp-json\/wp\/v2\/media?parent=90999"}],"wp:term":[{"taxonomy":"category","embeddable":true,"href":"https:\/\/migracao.redenoticia.com.br\/noticia\/wp-json\/wp\/v2\/categories?post=90999"},{"taxonomy":"post_tag","embeddable":true,"href":"https:\/\/migracao.redenoticia.com.br\/noticia\/wp-json\/wp\/v2\/tags?post=90999"}],"curies":[{"name":"wp","href":"https:\/\/api.w.org\/{rel}","templated":true}]}}