{"id":91,"date":"2009-04-05T18:17:00","date_gmt":"2009-04-05T21:17:00","guid":{"rendered":"http:\/\/www.redenoticia.com.br\/noticia\/?p=91"},"modified":"2009-04-10T00:36:38","modified_gmt":"2009-04-10T03:36:38","slug":"casos-de-dengue-caem-286-no-brasil","status":"publish","type":"post","link":"https:\/\/migracao.redenoticia.com.br\/noticia\/2009\/casos-de-dengue-caem-286-no-brasil\/91","title":{"rendered":"Casos de dengue caem 28,6% no Brasil"},"content":{"rendered":"<p class=\"MsoNormal\" style=\"MARGIN: 0cm 0cm 12pt\"><img loading=\"lazy\" decoding=\"async\" class=\"alignleft\" src=\"http:\/\/farm4.static.flickr.com\/3389\/3417801837_78350decf1_m.jpg\" alt=\"\" width=\"240\" height=\"158\" \/>As notifica\u00e7\u00f5es de casos de dengue no Brasil ca\u00edram 28,6% nas primeiras dez semanas deste ano em rela\u00e7\u00e3o ao mesmo per\u00edodo do ano passado. De acordo com balan\u00e7o divulgado hoje (3) pelo Minist\u00e9rio da Sa\u00fade, at\u00e9 o dia 7 de mar\u00e7o foram registrados 114,3 mil casos contra 160,1 mil em 2008. Para o coordenador do Programa Nacional de Controle da Dengue, Giovanini Coelho, \u00e9 necess\u00e1rio analisar os dados com cautela, pois o per\u00edodo entre janeiro e maio \u00e9 o mais cr\u00edtico. Segundo dados do minist\u00e9rio, nesse intervalo ocorrem cerca de 70% das notifica\u00e7\u00f5es. O balan\u00e7o tamb\u00e9m aponta que, este ano, foram registrados 235 casos de febre hemorr\u00e1gica causada pela dengue, com 16 mortes e 368 casos de dengue com complica\u00e7\u00e3o, com sete mortes. &#8220;\u00c9 importante destacar que n\u00f3s tivemos uma redu\u00e7\u00e3o global de quase 30% e uma redu\u00e7\u00e3o tamb\u00e9m importante nos casos de febre hemorr\u00e1gica [<em>em 2008, foram 1.069 casos<\/em>]&#8221;, disse Coelho. Apesar da diminui\u00e7\u00e3o global, alguns estados registraram aumento no n\u00famero de casos da doen\u00e7a: Bahia (27,3 mil em 2009 contra 6,6 mil em 2008), Acre (11,9 mil contra 524), Roraima (1,9 mil contra 740), Amap\u00e1 (952 contra 427), Minas Gerais (19,1 mil contra 9,6 mil), Esp\u00edrito Santo (13,7 mil contra 2,8 mil) e Mato Grosso do Sul (2,8 mil contra 1,5 mil). &#8220;Esse alerta permanente de manuten\u00e7\u00e3o das atividades de preven\u00e7\u00e3o e controle se deve ao fato de n\u00e3o termos uma vacina contra a dengue&#8221;, disse o coordenador. Segundo Coelho, a mobiliza\u00e7\u00e3o para evitar o agravamento dos quadros de dengue ser\u00e1 intensificada. O minist\u00e9rio investiu, nos \u00faltimos cinco meses, R$ 1,08 bilh\u00e3o para o combate e a preven\u00e7\u00e3o da doen\u00e7a. O dinheiro est\u00e1 sendo usado para capacita\u00e7\u00e3o de pessoal, compra de equipamentos e aquisi\u00e7\u00e3o de inseticidas.<\/p>\n<p class=\"MsoNormal\" style=\"MARGIN: 0cm 0cm 12pt\"><span class=\"assinatura11\"><span style=\"FONT-SIZE: 8.5pt\"><span style=\"COLOR: #6c7962\">Da Ag\u00eancia Brasil<\/span><\/span><\/span><\/p>\n","protected":false},"excerpt":{"rendered":"<p>As notifica\u00e7\u00f5es de casos de dengue no Brasil ca\u00edram 28,6% nas primeiras dez semanas deste ano em rela\u00e7\u00e3o ao mesmo per\u00edodo do ano passado. De acordo com balan\u00e7o divulgado hoje (3) pelo Minist\u00e9rio da Sa\u00fade, at\u00e9 o dia 7 de mar\u00e7o foram registrados 114,3 mil casos contra 160,1 mil em 2008. Para o coordenador do [&hellip;]<\/p>\n","protected":false},"author":2,"featured_media":0,"comment_status":"open","ping_status":"open","sticky":false,"template":"","format":"standard","meta":{"tdm_status":"","tdm_grid_status":"","footnotes":""},"categories":[22],"tags":[],"class_list":{"0":"post-91","1":"post","2":"type-post","3":"status-publish","4":"format-standard","6":"category-brasil"},"_links":{"self":[{"href":"https:\/\/migracao.redenoticia.com.br\/noticia\/wp-json\/wp\/v2\/posts\/91","targetHints":{"allow":["GET"]}}],"collection":[{"href":"https:\/\/migracao.redenoticia.com.br\/noticia\/wp-json\/wp\/v2\/posts"}],"about":[{"href":"https:\/\/migracao.redenoticia.com.br\/noticia\/wp-json\/wp\/v2\/types\/post"}],"author":[{"embeddable":true,"href":"https:\/\/migracao.redenoticia.com.br\/noticia\/wp-json\/wp\/v2\/users\/2"}],"replies":[{"embeddable":true,"href":"https:\/\/migracao.redenoticia.com.br\/noticia\/wp-json\/wp\/v2\/comments?post=91"}],"version-history":[{"count":0,"href":"https:\/\/migracao.redenoticia.com.br\/noticia\/wp-json\/wp\/v2\/posts\/91\/revisions"}],"wp:attachment":[{"href":"https:\/\/migracao.redenoticia.com.br\/noticia\/wp-json\/wp\/v2\/media?parent=91"}],"wp:term":[{"taxonomy":"category","embeddable":true,"href":"https:\/\/migracao.redenoticia.com.br\/noticia\/wp-json\/wp\/v2\/categories?post=91"},{"taxonomy":"post_tag","embeddable":true,"href":"https:\/\/migracao.redenoticia.com.br\/noticia\/wp-json\/wp\/v2\/tags?post=91"}],"curies":[{"name":"wp","href":"https:\/\/api.w.org\/{rel}","templated":true}]}}