{"id":91002,"date":"2016-07-22T18:30:18","date_gmt":"2016-07-22T21:30:18","guid":{"rendered":"http:\/\/www.redenoticia.com.br\/noticia\/?p=91002"},"modified":"2016-07-22T17:32:24","modified_gmt":"2016-07-22T20:32:24","slug":"novela-eta-mundo-bom-resumo-2307-araujo-e-ernesto-se-enfrentam","status":"publish","type":"post","link":"https:\/\/migracao.redenoticia.com.br\/noticia\/2016\/novela-eta-mundo-bom-resumo-2307-araujo-e-ernesto-se-enfrentam\/91002","title":{"rendered":"Novela \u201cEta Mundo Bom\u201d resumo 23\/07: Ara\u00fajo e Ernesto se enfrentam"},"content":{"rendered":"<p><img loading=\"lazy\" decoding=\"async\" class=\"alignleft size-thumbnail wp-image-82131\" src=\"https:\/\/migracao.redenoticia.com.br\/noticia\/imagens\/eta_mundo_bom_globo_novela_resumo-150x112.jpg\" alt=\"eta_mundo_bom_globo_novela_resumo\" width=\"150\" height=\"112\" srcset=\"https:\/\/migracao.redenoticia.com.br\/noticia\/imagens\/eta_mundo_bom_globo_novela_resumo-150x112.jpg 150w, https:\/\/migracao.redenoticia.com.br\/noticia\/imagens\/eta_mundo_bom_globo_novela_resumo-265x198.jpg 265w\" sizes=\"auto, (max-width: 150px) 100vw, 150px\" \/><strong><em>Novela \u201cEta Mundo Bom\u201d resumo 23\/07<\/em><\/strong>:\u00a0Ara\u00fajo n\u00e3o acredita em\u00a0Maria ao ouvir que\u00a0Sandra tem um caso com\u00a0Ernesto. Mas a revela\u00e7\u00e3o serviu para o advogado ficar em d\u00favida. Ele chega de surpresa \u00e0 mans\u00e3o, atr\u00e1s da namorada, e fica pensativo, relembrando os momentos em que desconfiou dela como na vez que viu mais um prato \u00e0 mesa de jantar. Na f\u00e1brica,\u00a0Celso afirma novamente que a irm\u00e3 tem um caso com o vigarista e o desafia a ir at\u00e9 o ateli\u00ea. Ara\u00fajo fica inseguro e vai at\u00e9 o endere\u00e7o do malandro, onde v\u00ea o carro da namorada estacionado. Ent\u00e3o, Ara\u00fajo abre a porta do apartamento e d\u00e1 de cara com Sandra e Ernesto na cama. Ara\u00fajo e Ernesto se enfrentam. O advogado \u00e9 humilhado, pois al\u00e9m de ouvir de Ernesto que ele foi feito de idiota, teve que escutar Sandra afirmar que nunca suportou Claudinho. Ernesto ainda fala que eles pretendiam mat\u00e1-lo. O advogado sai e, ao voltar para casa, se aconselha com Olga. Ele decide pedir perd\u00e3o a Anast\u00e1cia. Ent\u00e3o, Ara\u00fajo procura Anast\u00e1cia e revela que Sandra falsificou sua assinatura.<\/p>\n<p>No cap\u00edtulo 162 (*), novela \u201cEta Mundo Bom\u201d, s\u00e1bado, 23 de julho \u2013 Ara\u00fajo e Ernesto se enfrentam. Candinho ajuda Filomena a se levantar da cama. Mafalda se enfurece quando Sarita decide levar biscoitos para Z\u00e9 dos Porcos.<\/p>\n<p>Diana e Severo saem para passear. Braz convida Ilde para morar com ele. Ernesto se muda para o casar\u00e3o de Sandra. Josias pede para Z\u00e9 dos Porcos se casar com Sarita.<\/p>\n<p>Ara\u00fajo se aconselha com Olga e decide pedir perd\u00e3o a Anast\u00e1cia. Ara\u00fajo revela a Anast\u00e1cia que Sandra falsificou sua assinatura.<\/p>\n<p>(*) edi\u00e7\u00e3o da Rede Globo, Novela \u201cEta Mundo Bom\u201d, sujeito a altera\u00e7\u00e3o de data e conte\u00fado.<\/p>\n","protected":false},"excerpt":{"rendered":"<p>Novela \u201cEta Mundo Bom\u201d resumo 23\/07:\u00a0Ara\u00fajo n\u00e3o acredita em\u00a0Maria ao ouvir que\u00a0Sandra tem um caso com\u00a0Ernesto. Mas a revela\u00e7\u00e3o serviu para o advogado ficar em d\u00favida. Ele chega de surpresa \u00e0 mans\u00e3o, atr\u00e1s da namorada, e fica pensativo, relembrando os momentos em que desconfiou dela como na vez que viu mais um prato \u00e0 mesa [&hellip;]<\/p>\n","protected":false},"author":4,"featured_media":82131,"comment_status":"open","ping_status":"closed","sticky":false,"template":"","format":"standard","meta":{"tdm_status":"","tdm_grid_status":"","footnotes":""},"categories":[379,375,343],"tags":[441],"class_list":{"0":"post-91002","1":"post","2":"type-post","3":"status-publish","4":"format-standard","5":"has-post-thumbnail","7":"category-novelas","8":"category-rede-globo","9":"category-televisao","10":"tag-resumo-do-dia"},"_links":{"self":[{"href":"https:\/\/migracao.redenoticia.com.br\/noticia\/wp-json\/wp\/v2\/posts\/91002","targetHints":{"allow":["GET"]}}],"collection":[{"href":"https:\/\/migracao.redenoticia.com.br\/noticia\/wp-json\/wp\/v2\/posts"}],"about":[{"href":"https:\/\/migracao.redenoticia.com.br\/noticia\/wp-json\/wp\/v2\/types\/post"}],"author":[{"embeddable":true,"href":"https:\/\/migracao.redenoticia.com.br\/noticia\/wp-json\/wp\/v2\/users\/4"}],"replies":[{"embeddable":true,"href":"https:\/\/migracao.redenoticia.com.br\/noticia\/wp-json\/wp\/v2\/comments?post=91002"}],"version-history":[{"count":0,"href":"https:\/\/migracao.redenoticia.com.br\/noticia\/wp-json\/wp\/v2\/posts\/91002\/revisions"}],"wp:featuredmedia":[{"embeddable":true,"href":"https:\/\/migracao.redenoticia.com.br\/noticia\/wp-json\/wp\/v2\/media\/82131"}],"wp:attachment":[{"href":"https:\/\/migracao.redenoticia.com.br\/noticia\/wp-json\/wp\/v2\/media?parent=91002"}],"wp:term":[{"taxonomy":"category","embeddable":true,"href":"https:\/\/migracao.redenoticia.com.br\/noticia\/wp-json\/wp\/v2\/categories?post=91002"},{"taxonomy":"post_tag","embeddable":true,"href":"https:\/\/migracao.redenoticia.com.br\/noticia\/wp-json\/wp\/v2\/tags?post=91002"}],"curies":[{"name":"wp","href":"https:\/\/api.w.org\/{rel}","templated":true}]}}