{"id":91011,"date":"2016-07-22T21:00:19","date_gmt":"2016-07-23T00:00:19","guid":{"rendered":"http:\/\/www.redenoticia.com.br\/noticia\/?p=91011"},"modified":"2016-07-22T17:39:34","modified_gmt":"2016-07-22T20:39:34","slug":"novela-a-garota-da-moto-resumo-2507dinho-mata-o-advogado","status":"publish","type":"post","link":"https:\/\/migracao.redenoticia.com.br\/noticia\/2016\/novela-a-garota-da-moto-resumo-2507dinho-mata-o-advogado\/91011","title":{"rendered":"Novela \u201cA Garota da Moto\u201d resumo 25\/07: Dinho mata o advogado"},"content":{"rendered":"<p><img loading=\"lazy\" decoding=\"async\" class=\"alignleft size-thumbnail wp-image-90196\" src=\"https:\/\/migracao.redenoticia.com.br\/noticia\/imagens\/A_Garota_da_Moto_SBT_Resumo_Novela-150x112.jpg\" alt=\"A_Garota_da_Moto_SBT_Resumo_Novela\" width=\"150\" height=\"112\" srcset=\"https:\/\/migracao.redenoticia.com.br\/noticia\/imagens\/A_Garota_da_Moto_SBT_Resumo_Novela-150x112.jpg 150w, https:\/\/migracao.redenoticia.com.br\/noticia\/imagens\/A_Garota_da_Moto_SBT_Resumo_Novela-265x198.jpg 265w\" sizes=\"auto, (max-width: 150px) 100vw, 150px\" \/><strong><em>Novela \u201cA Garota da Moto\u201d resumo 25\/07<\/em><\/strong>:\u00a0Joana faz de tudo para salvar a vida de D\u00e9, amigo de seu filho Nico, que foi atropelado. Mas, quem n\u00e3o tem a mesma sorte \u00e9 Miguel, pois dessa vez, Bernarda \u00e9 bem sucedida em embosc\u00e1-lo e Dinho mata o advogado.<\/p>\n<p>No cap\u00edtulo 009 (*), novela \u201cA garota da Mota\u201d, segunda-feira, 25 de julho \u2013 Nico est\u00e1 jogando bola na rua quando um motorista atropela seu amigo D\u00e9.<\/p>\n<p>Joana v\u00ea tudo e corre para levar o menino para o hospital. L\u00e1, a situa\u00e7\u00e3o \u00e9 cr\u00edtica. D\u00e9 precisa de um rim ou vai morrer. Surge um doador, mas como buscar esse rim com a rapidez necess\u00e1ria?<\/p>\n<p>Joana leva a for\u00e7a um m\u00e9dico em sua moto e traz o rim na marra, salvando a vida de D\u00e9. Quem n\u00e3o tem a mesma sorte \u00e9 Miguel: dessa vez, Bernarda \u00e9 bem sucedida em embosc\u00e1-lo e Dinho mata o advogado.<\/p>\n<p>(*) edi\u00e7\u00e3o do SBT, Novela \u201cA Garota da Moto\u201d, sujeito a altera\u00e7\u00e3o de data e conte\u00fado.<\/p>\n","protected":false},"excerpt":{"rendered":"<p>Novela \u201cA Garota da Moto\u201d resumo 25\/07:\u00a0Joana faz de tudo para salvar a vida de D\u00e9, amigo de seu filho Nico, que foi atropelado. Mas, quem n\u00e3o tem a mesma sorte \u00e9 Miguel, pois dessa vez, Bernarda \u00e9 bem sucedida em embosc\u00e1-lo e Dinho mata o advogado. No cap\u00edtulo 009 (*), novela \u201cA garota da [&hellip;]<\/p>\n","protected":false},"author":4,"featured_media":90196,"comment_status":"open","ping_status":"closed","sticky":false,"template":"","format":"standard","meta":{"tdm_status":"","tdm_grid_status":"","footnotes":""},"categories":[379,372,343],"tags":[441],"class_list":{"0":"post-91011","1":"post","2":"type-post","3":"status-publish","4":"format-standard","5":"has-post-thumbnail","7":"category-novelas","8":"category-sbt","9":"category-televisao","10":"tag-resumo-do-dia"},"_links":{"self":[{"href":"https:\/\/migracao.redenoticia.com.br\/noticia\/wp-json\/wp\/v2\/posts\/91011","targetHints":{"allow":["GET"]}}],"collection":[{"href":"https:\/\/migracao.redenoticia.com.br\/noticia\/wp-json\/wp\/v2\/posts"}],"about":[{"href":"https:\/\/migracao.redenoticia.com.br\/noticia\/wp-json\/wp\/v2\/types\/post"}],"author":[{"embeddable":true,"href":"https:\/\/migracao.redenoticia.com.br\/noticia\/wp-json\/wp\/v2\/users\/4"}],"replies":[{"embeddable":true,"href":"https:\/\/migracao.redenoticia.com.br\/noticia\/wp-json\/wp\/v2\/comments?post=91011"}],"version-history":[{"count":0,"href":"https:\/\/migracao.redenoticia.com.br\/noticia\/wp-json\/wp\/v2\/posts\/91011\/revisions"}],"wp:featuredmedia":[{"embeddable":true,"href":"https:\/\/migracao.redenoticia.com.br\/noticia\/wp-json\/wp\/v2\/media\/90196"}],"wp:attachment":[{"href":"https:\/\/migracao.redenoticia.com.br\/noticia\/wp-json\/wp\/v2\/media?parent=91011"}],"wp:term":[{"taxonomy":"category","embeddable":true,"href":"https:\/\/migracao.redenoticia.com.br\/noticia\/wp-json\/wp\/v2\/categories?post=91011"},{"taxonomy":"post_tag","embeddable":true,"href":"https:\/\/migracao.redenoticia.com.br\/noticia\/wp-json\/wp\/v2\/tags?post=91011"}],"curies":[{"name":"wp","href":"https:\/\/api.w.org\/{rel}","templated":true}]}}