{"id":91015,"date":"2016-07-22T19:30:20","date_gmt":"2016-07-22T22:30:20","guid":{"rendered":"http:\/\/www.redenoticia.com.br\/noticia\/?p=91015"},"modified":"2016-07-22T17:36:31","modified_gmt":"2016-07-22T20:36:31","slug":"novela-cumplices-de-um-resgate-resumo-2507-regina-consegue-se-soltar-e-fugir","status":"publish","type":"post","link":"https:\/\/migracao.redenoticia.com.br\/noticia\/2016\/novela-cumplices-de-um-resgate-resumo-2507-regina-consegue-se-soltar-e-fugir\/91015","title":{"rendered":"Novela \u201cC\u00famplices de um Resgate\u201d resumo 25\/07: Regina consegue fugir"},"content":{"rendered":"<p><img loading=\"lazy\" decoding=\"async\" class=\"alignleft size-thumbnail wp-image-71351\" src=\"https:\/\/migracao.redenoticia.com.br\/noticia\/imagens\/cumplices_de_um_resgate_sbt_novela_resumo-150x112.jpg\" alt=\"cumplices_de_um_resgate_sbt_novela_resumo\" width=\"150\" height=\"112\" srcset=\"https:\/\/migracao.redenoticia.com.br\/noticia\/imagens\/cumplices_de_um_resgate_sbt_novela_resumo-150x112.jpg 150w, https:\/\/migracao.redenoticia.com.br\/noticia\/imagens\/cumplices_de_um_resgate_sbt_novela_resumo-265x198.jpg 265w\" sizes=\"auto, (max-width: 150px) 100vw, 150px\" \/><strong><em>Novela \u201cC\u00famplices de um Resgate\u201d resumo 25\/07<\/em><\/strong>:\u00a0Marina aparece na mans\u00e3o e Regina a joga escada abaixo. Regina tenta fugir, mas Of\u00e9lio a impede. Ent\u00e3o, Marina, Of\u00e9lio e Laura a amarram na sala da mans\u00e3o at\u00e9 que ela revele onde est\u00e1 Isabela. A vil\u00e3 grita, ainda mais, ap\u00f3s Laura jogar \u00e1gua em seu rosto. Regina diz que n\u00e3o vai dizer nada e que Isabela vai passar fome e frio at\u00e9 apodrecer. Irritada, Marina lhe d\u00e1 uma bofetada. Regina sorri de toda a situa\u00e7\u00e3o e debocha dos tr\u00eas. Depois, os c\u00famplices chegam \u00e0 mans\u00e3o e usam Tumtum para fazer Regina revelar onde est\u00e1 a amiga. Entretanto, Regina consegue se soltar e fugir.<\/p>\n<p>No cap\u00edtulo 256(*), novela \u201cC\u00famplice de um Resgate\u201d, segunda-feira, 25 de julho \u2013 Marina, Of\u00e9lio e Laura deixam Regina amarrada na sala da mans\u00e3o at\u00e9 que ela revele aonde est\u00e1 Isabela. A vil\u00e3 grita ainda mais ap\u00f3s Laura jogar agua em seu rosto. Regina diz que n\u00e3o dir\u00e1 nada e que Isabela ir\u00e1 passar frio e fome at\u00e9 apodrecer.<\/p>\n<p>Irritada, Marina lhe d\u00e1 uma bofetada. Regina sorri de toda a situa\u00e7\u00e3o e debocha dos tr\u00eas. Ot\u00e1vio diz para Raul que acha que Regina pode estar envolvida com seu acidente. Os c\u00famplices chegam na mans\u00e3o e usam Tumtum para fazer Regina revelar aonde est\u00e1 Isabela.<\/p>\n<p>Ot\u00e1vio conta para o m\u00e9dico que est\u00e1 desconfiado de que Isabela e Manuela sejam g\u00eameas. Raul diz que far\u00e1 um exame de DNA para descobrir a verdade. Pedro afirma para Fiorina que ir\u00e1 se casar com Helena. Regina consegue se soltar e fugir. Ot\u00e1vio faz perguntas especificas para Rebeca sobre o nascimento de Manuela.<\/p>\n<p>(*) edi\u00e7\u00e3o do SBT, Novela \u201cC\u00famplices de um Resgate\u201d, sujeito a altera\u00e7\u00e3o de data e conte\u00fado.<\/p>\n","protected":false},"excerpt":{"rendered":"<p>Novela \u201cC\u00famplices de um Resgate\u201d resumo 25\/07:\u00a0Marina aparece na mans\u00e3o e Regina a joga escada abaixo. Regina tenta fugir, mas Of\u00e9lio a impede. Ent\u00e3o, Marina, Of\u00e9lio e Laura a amarram na sala da mans\u00e3o at\u00e9 que ela revele onde est\u00e1 Isabela. A vil\u00e3 grita, ainda mais, ap\u00f3s Laura jogar \u00e1gua em seu rosto. Regina diz [&hellip;]<\/p>\n","protected":false},"author":4,"featured_media":71351,"comment_status":"open","ping_status":"closed","sticky":false,"template":"","format":"standard","meta":{"tdm_status":"","tdm_grid_status":"","footnotes":""},"categories":[379,372,343],"tags":[441],"class_list":{"0":"post-91015","1":"post","2":"type-post","3":"status-publish","4":"format-standard","5":"has-post-thumbnail","7":"category-novelas","8":"category-sbt","9":"category-televisao","10":"tag-resumo-do-dia"},"_links":{"self":[{"href":"https:\/\/migracao.redenoticia.com.br\/noticia\/wp-json\/wp\/v2\/posts\/91015","targetHints":{"allow":["GET"]}}],"collection":[{"href":"https:\/\/migracao.redenoticia.com.br\/noticia\/wp-json\/wp\/v2\/posts"}],"about":[{"href":"https:\/\/migracao.redenoticia.com.br\/noticia\/wp-json\/wp\/v2\/types\/post"}],"author":[{"embeddable":true,"href":"https:\/\/migracao.redenoticia.com.br\/noticia\/wp-json\/wp\/v2\/users\/4"}],"replies":[{"embeddable":true,"href":"https:\/\/migracao.redenoticia.com.br\/noticia\/wp-json\/wp\/v2\/comments?post=91015"}],"version-history":[{"count":0,"href":"https:\/\/migracao.redenoticia.com.br\/noticia\/wp-json\/wp\/v2\/posts\/91015\/revisions"}],"wp:featuredmedia":[{"embeddable":true,"href":"https:\/\/migracao.redenoticia.com.br\/noticia\/wp-json\/wp\/v2\/media\/71351"}],"wp:attachment":[{"href":"https:\/\/migracao.redenoticia.com.br\/noticia\/wp-json\/wp\/v2\/media?parent=91015"}],"wp:term":[{"taxonomy":"category","embeddable":true,"href":"https:\/\/migracao.redenoticia.com.br\/noticia\/wp-json\/wp\/v2\/categories?post=91015"},{"taxonomy":"post_tag","embeddable":true,"href":"https:\/\/migracao.redenoticia.com.br\/noticia\/wp-json\/wp\/v2\/tags?post=91015"}],"curies":[{"name":"wp","href":"https:\/\/api.w.org\/{rel}","templated":true}]}}