{"id":91017,"date":"2016-07-22T18:00:34","date_gmt":"2016-07-22T21:00:34","guid":{"rendered":"http:\/\/www.redenoticia.com.br\/noticia\/?p=91017"},"modified":"2016-07-22T17:30:42","modified_gmt":"2016-07-22T20:30:42","slug":"novela-meu-coracao-e-teu-resumo-2507-henrique-persegue-fanny","status":"publish","type":"post","link":"https:\/\/migracao.redenoticia.com.br\/noticia\/2016\/novela-meu-coracao-e-teu-resumo-2507-henrique-persegue-fanny\/91017","title":{"rendered":"Novela \u201cMeu Cora\u00e7\u00e3o \u00e9 Teu\u201d resumo 25\/07: Henrique persegue Fanny"},"content":{"rendered":"<p><img loading=\"lazy\" decoding=\"async\" class=\"alignleft size-thumbnail wp-image-82119\" src=\"https:\/\/migracao.redenoticia.com.br\/noticia\/imagens\/meu_coracao_e_teu_novela_resumo_sbt-150x112.jpg\" alt=\"meu_coracao_e_teu_novela_resumo_sbt\" width=\"150\" height=\"112\" srcset=\"https:\/\/migracao.redenoticia.com.br\/noticia\/imagens\/meu_coracao_e_teu_novela_resumo_sbt-150x112.jpg 150w, https:\/\/migracao.redenoticia.com.br\/noticia\/imagens\/meu_coracao_e_teu_novela_resumo_sbt-265x198.jpg 265w\" sizes=\"auto, (max-width: 150px) 100vw, 150px\" \/><strong><em>Novela \u201cMeu Cora\u00e7\u00e3o \u00e9 Teu\u201d resumo 25\/07<\/em><\/strong>:\u00a0Ana est\u00e1 prestes a contar para Fernando sobre sua vida dupla, quando Fanny liga e pede a ela que espere para revelar seu segredo. Ana concorda, mas depois ela volta a ficar inquieta e j\u00e1 n\u00e3o suporta tanta mentira. Ela resolve contar toda a verdade para Fernando no caf\u00e9 da manh\u00e3. Enquanto isso, Henrique fuge do manic\u00f4mio, ataca Isabela e agora est\u00e1 a perseguir Fanny. Em um restaurante, Henrique a segue at\u00e9 o banheiro e ela se assusta muito. Depois do ocorrido no restaurante, a equipe de seguran\u00e7a de Fanny descobre que existe um infiltrado e que devem refor\u00e7ar a prote\u00e7\u00e3o contra Henrique.<\/p>\n<p>No cap\u00edtulo 106(*), novela \u201cMeu Cora\u00e7\u00e3o \u00e9 Teu\u201d, segunda-feira, 25 de julho \u2013 Fanny pede a Ana que espere para revelar seu segredo. Yolanda diz a Isabela que vai viver em um asilo, j\u00e1 que n\u00e3o deseja mais ser sua c\u00famplice. Fanny sai com L\u00eanin e eles veem Leon fora da mans\u00e3o.<\/p>\n<p>Ele pede para falar com ela, mas ela responde que j\u00e1 est\u00e1 cansada de lhe dar oportunidades e que, Laura lhe disse que estava com ele. Num restaurante, Henrique segue Fanny at\u00e9 o banheiro e ela se assusta muito.<\/p>\n<p>Depois do ocorrido no restaurante, a equipe de seguran\u00e7a de Fanny descobre que existe um infiltrado e que devem refor\u00e7ar a prote\u00e7\u00e3o contra Henrique. Nando diz a Alicia que j\u00e1 se decidiu quanto a garota que deseja ter a seu lado. Ana j\u00e1 n\u00e3o suporta tanta mentira e resolve contar toda a verdade para Fernando no caf\u00e9 da manh\u00e3.<\/p>\n<p>(*) edi\u00e7\u00e3o do SBT, Novela \u201cMeu Cora\u00e7\u00e3o \u00e9 Teu\u201d, sujeito a altera\u00e7\u00e3o de data e conte\u00fado<\/p>\n","protected":false},"excerpt":{"rendered":"<p>Novela \u201cMeu Cora\u00e7\u00e3o \u00e9 Teu\u201d resumo 25\/07:\u00a0Ana est\u00e1 prestes a contar para Fernando sobre sua vida dupla, quando Fanny liga e pede a ela que espere para revelar seu segredo. Ana concorda, mas depois ela volta a ficar inquieta e j\u00e1 n\u00e3o suporta tanta mentira. Ela resolve contar toda a verdade para Fernando no caf\u00e9 [&hellip;]<\/p>\n","protected":false},"author":4,"featured_media":82119,"comment_status":"open","ping_status":"closed","sticky":false,"template":"","format":"standard","meta":{"tdm_status":"","tdm_grid_status":"","footnotes":""},"categories":[379,372,343],"tags":[441],"class_list":{"0":"post-91017","1":"post","2":"type-post","3":"status-publish","4":"format-standard","5":"has-post-thumbnail","7":"category-novelas","8":"category-sbt","9":"category-televisao","10":"tag-resumo-do-dia"},"_links":{"self":[{"href":"https:\/\/migracao.redenoticia.com.br\/noticia\/wp-json\/wp\/v2\/posts\/91017","targetHints":{"allow":["GET"]}}],"collection":[{"href":"https:\/\/migracao.redenoticia.com.br\/noticia\/wp-json\/wp\/v2\/posts"}],"about":[{"href":"https:\/\/migracao.redenoticia.com.br\/noticia\/wp-json\/wp\/v2\/types\/post"}],"author":[{"embeddable":true,"href":"https:\/\/migracao.redenoticia.com.br\/noticia\/wp-json\/wp\/v2\/users\/4"}],"replies":[{"embeddable":true,"href":"https:\/\/migracao.redenoticia.com.br\/noticia\/wp-json\/wp\/v2\/comments?post=91017"}],"version-history":[{"count":0,"href":"https:\/\/migracao.redenoticia.com.br\/noticia\/wp-json\/wp\/v2\/posts\/91017\/revisions"}],"wp:featuredmedia":[{"embeddable":true,"href":"https:\/\/migracao.redenoticia.com.br\/noticia\/wp-json\/wp\/v2\/media\/82119"}],"wp:attachment":[{"href":"https:\/\/migracao.redenoticia.com.br\/noticia\/wp-json\/wp\/v2\/media?parent=91017"}],"wp:term":[{"taxonomy":"category","embeddable":true,"href":"https:\/\/migracao.redenoticia.com.br\/noticia\/wp-json\/wp\/v2\/categories?post=91017"},{"taxonomy":"post_tag","embeddable":true,"href":"https:\/\/migracao.redenoticia.com.br\/noticia\/wp-json\/wp\/v2\/tags?post=91017"}],"curies":[{"name":"wp","href":"https:\/\/api.w.org\/{rel}","templated":true}]}}