{"id":91019,"date":"2016-07-22T15:40:19","date_gmt":"2016-07-22T18:40:19","guid":{"rendered":"http:\/\/www.redenoticia.com.br\/noticia\/?p=91019"},"modified":"2016-07-22T17:29:21","modified_gmt":"2016-07-22T20:29:21","slug":"novela-abismo-da-paixao-resumo-2507-damiao-corre-para-apoiar-elisa","status":"publish","type":"post","link":"https:\/\/migracao.redenoticia.com.br\/noticia\/2016\/novela-abismo-da-paixao-resumo-2507-damiao-corre-para-apoiar-elisa\/91019","title":{"rendered":"Novela \u201cAbismo da Paix\u00e3o\u201d resumo 25\/07: Elisa procura por Dami\u00e3o"},"content":{"rendered":"<p><img loading=\"lazy\" decoding=\"async\" class=\"alignleft size-thumbnail wp-image-81978\" src=\"https:\/\/migracao.redenoticia.com.br\/noticia\/imagens\/abismo_de_paixao_sbt_resumo_novela-150x112.jpg\" alt=\"abismo_de_paixao_sbt_resumo_novela\" width=\"150\" height=\"112\" srcset=\"https:\/\/migracao.redenoticia.com.br\/noticia\/imagens\/abismo_de_paixao_sbt_resumo_novela-150x112.jpg 150w, https:\/\/migracao.redenoticia.com.br\/noticia\/imagens\/abismo_de_paixao_sbt_resumo_novela-265x198.jpg 265w\" sizes=\"auto, (max-width: 150px) 100vw, 150px\" \/><strong><em>Novela \u201cAbismo da Paix\u00e3o\u201d resumo 25\/07<\/em><\/strong>:\u00a0Lucio informa Malu que Augusto est\u00e1 morto e esta procura Dami\u00e3o para lhe informar do ocorrido. Almerinda recebe a not\u00edcia e fica encarregada de informar o filho, mas n\u00e3o o faz. Depois, Dami\u00e3o comenta com Afonso que tem uma sensa\u00e7\u00e3o estranha, como se algo muito ruim tivesse ocorrido. \u00c0 noite, Dami\u00e3o tem um pesadelo e n\u00e3o consegue dormir. Ele pressente que algo de mal acontece com Elisa e vai at\u00e9 sua casa. Dami\u00e3o chega \u00e0 fazenda e pergunta por Elisa, mas Carmem o expulsa, diz que j\u00e1 \u00e9 de madrugada e que Elisa est\u00e1 a dormir. Enquanto isso, Elisa chora no jardim da fazenda Arango e grita por Dami\u00e3o, mas Almerinda, Flor\u00eancia e Paulo a ignoram e dormem. No dia seguinte, Paulo informa Dami\u00e3o que Elisa esteve na fazenda na noite anterior, a gritar e chorar por ele, j\u00e1 que seu pai morreu. Dami\u00e3o corre para apoiar Elisa.<\/p>\n<p>No cap\u00edtulo 086 (*), novela \u201cAbismo da Paix\u00e3o\u201d, segunda-feira, 25 de julho \u2013 na cabana de Ramona, Gael procura por Paloma para falar com ela. Edmundo perde o hor\u00e1rio do encontro com Ingrid e, ao chegar, \u00e9 informado por um gar\u00e7om que ela j\u00e1 foi embora. Ingrid chega de mal humor e explica para Ramiro que foi a capital comprar um colar. Henrique procura Paloma e Ramona diz que ela n\u00e3o est\u00e1. Carmem diz a Elisa que n\u00e3o haver\u00e1 vel\u00f3rio, j\u00e1 que acha ruim prolongarem todo esse sofrimento. Dami\u00e3o comenta com Afonso que tem uma sensa\u00e7\u00e3o estranha, como se algo muito ruim tivesse ocorrido.<\/p>\n<p>Br\u00e1ulio chega a casa de Ramiro para exigir que ele v\u00e1 ao hospital ver Vicente. Ramiro o agride. Gael pede perd\u00e3o a Paloma e eles acabam fazendo amor. Ramona diz ao Padre Lupe que se sente culpada pela morte de Augusto. Br\u00e1ulio exige que Ramiro v\u00e1 ao hospital ver Vicente, j\u00e1 que ele \u00e9 seu filho. Ramiro responde que Vicente n\u00e3o \u00e9 seu filho. Ingrid o expulsa de sua casa. Dolores pensa em avisar Padre Lupe e Gael que n\u00e3o velaram Augusto, mas Carmem a impede. Dami\u00e3o tem um pesadelo e n\u00e3o consegue dormir. Ele pressente que algo de mal acontece com Elisa. Bet\u00e2nia reclama com Edmundo por ele ter chegado tarde. Ele se justifica dizendo que teve que atender o filho de Ant\u00f4nia. Bet\u00e2nia conta ao marido que Augusto se suicidou.<\/p>\n<p>Elisa chora no jardim e grita por Dami\u00e3o, enquanto Almerinda, Flor\u00eancia e Paulo a ignoram e dormem. Dami\u00e3o chega \u00e0 fazenda e pergunta por Elisa, mas Carmem o expulsa, dizendo que j\u00e1 \u00e9 de madrugada, e Elisa est\u00e1 dormindo. Ramona chega triste e descobre que Gael e Paloma est\u00e3o juntos. Ela fica zangada, pois Elisa precisa deles agora que Augusto est\u00e1 morto. Paulo informa Dami\u00e3o que Elisa esteve na fazenda na noite anterior, gritando e chorando por ele, j\u00e1 que seu pai morreu. Dami\u00e3o sai correndo para apoiar Elisa. Padre Lupe vai atr\u00e1s de Hor\u00e1cio para perguntar-lhe sobre a morte de Augusto.<\/p>\n<p>(*) edi\u00e7\u00e3o do SBT, Novela \u201cAbismo da Paix\u00e3o\u201d, sujeito a altera\u00e7\u00e3o de data e conte\u00fado.<\/p>\n","protected":false},"excerpt":{"rendered":"<p>Novela \u201cAbismo da Paix\u00e3o\u201d resumo 25\/07:\u00a0Lucio informa Malu que Augusto est\u00e1 morto e esta procura Dami\u00e3o para lhe informar do ocorrido. Almerinda recebe a not\u00edcia e fica encarregada de informar o filho, mas n\u00e3o o faz. Depois, Dami\u00e3o comenta com Afonso que tem uma sensa\u00e7\u00e3o estranha, como se algo muito ruim tivesse ocorrido. \u00c0 noite, [&hellip;]<\/p>\n","protected":false},"author":4,"featured_media":81978,"comment_status":"open","ping_status":"closed","sticky":false,"template":"","format":"standard","meta":{"tdm_status":"","tdm_grid_status":"","footnotes":""},"categories":[379,372,343],"tags":[441],"class_list":{"0":"post-91019","1":"post","2":"type-post","3":"status-publish","4":"format-standard","5":"has-post-thumbnail","7":"category-novelas","8":"category-sbt","9":"category-televisao","10":"tag-resumo-do-dia"},"_links":{"self":[{"href":"https:\/\/migracao.redenoticia.com.br\/noticia\/wp-json\/wp\/v2\/posts\/91019","targetHints":{"allow":["GET"]}}],"collection":[{"href":"https:\/\/migracao.redenoticia.com.br\/noticia\/wp-json\/wp\/v2\/posts"}],"about":[{"href":"https:\/\/migracao.redenoticia.com.br\/noticia\/wp-json\/wp\/v2\/types\/post"}],"author":[{"embeddable":true,"href":"https:\/\/migracao.redenoticia.com.br\/noticia\/wp-json\/wp\/v2\/users\/4"}],"replies":[{"embeddable":true,"href":"https:\/\/migracao.redenoticia.com.br\/noticia\/wp-json\/wp\/v2\/comments?post=91019"}],"version-history":[{"count":0,"href":"https:\/\/migracao.redenoticia.com.br\/noticia\/wp-json\/wp\/v2\/posts\/91019\/revisions"}],"wp:featuredmedia":[{"embeddable":true,"href":"https:\/\/migracao.redenoticia.com.br\/noticia\/wp-json\/wp\/v2\/media\/81978"}],"wp:attachment":[{"href":"https:\/\/migracao.redenoticia.com.br\/noticia\/wp-json\/wp\/v2\/media?parent=91019"}],"wp:term":[{"taxonomy":"category","embeddable":true,"href":"https:\/\/migracao.redenoticia.com.br\/noticia\/wp-json\/wp\/v2\/categories?post=91019"},{"taxonomy":"post_tag","embeddable":true,"href":"https:\/\/migracao.redenoticia.com.br\/noticia\/wp-json\/wp\/v2\/tags?post=91019"}],"curies":[{"name":"wp","href":"https:\/\/api.w.org\/{rel}","templated":true}]}}