{"id":91062,"date":"2016-07-25T10:06:28","date_gmt":"2016-07-25T13:06:28","guid":{"rendered":"http:\/\/www.redenoticia.com.br\/noticia\/?p=91062"},"modified":"2016-07-22T19:07:37","modified_gmt":"2016-07-22T22:07:37","slug":"usp-tem-4-300-vagas-para-a-terceira-idade","status":"publish","type":"post","link":"https:\/\/migracao.redenoticia.com.br\/noticia\/2016\/usp-tem-4-300-vagas-para-a-terceira-idade\/91062","title":{"rendered":"USP tem 4.300 vagas para a terceira idade"},"content":{"rendered":"<p> O programa <strong><em>Universidade Aberta \u00e0 Terceira Idade<\/em><\/strong> da USP (Universidade de S\u00e3o Paulo) est\u00e1 com 4.300 vagas gratuitas para alunos com mais de 60 anos. As inscri\u00e7\u00f5es para o segundo semestre come\u00e7a no dia 25 de julho.<\/p>\n<p>S\u00e3o oferecidas vagas em 483 atividades, que incluem disciplinas regulares oferecidas nos cursos de gradua\u00e7\u00e3o, palestras, excurs\u00f5es, pr\u00e1ticas esportivas, dispon\u00edveis nos campi da USP em S\u00e3o Paulo, Bauru, Lorena, Piracicaba, Pirassununga, Ribeir\u00e3o Preto e S\u00e3o Carlos.<\/p>\n<p>&#8220;Jornalismo Esportivo &#8211; a pauta al\u00e9m do futebol&#8221;; &#8220;Educa\u00e7\u00e3o, Meio Ambiente e Sociedade&#8221;; &#8220;Empreendedorismo e cria\u00e7\u00e3o de modelos de neg\u00f3cios&#8221;; e &#8220;Comunica\u00e7\u00e3o Digital e as Novas M\u00eddias&#8221; s\u00e3o algumas das atividades oferecidas. Algumas disciplinas exigem pr\u00e9-requisito, mas para a maioria nada \u00e9 exigido.<br \/>\nPara as disciplinas regulares, as aulas ter\u00e3o in\u00edcio em agosto e v\u00e3o at\u00e9 o in\u00edcio de dezembro. No caso das atividades complementares, cada unidade define o per\u00edodo das aulas.<\/p>\n<p>A rela\u00e7\u00e3o das atividades est\u00e1 dispon\u00edvel no . Mais informa\u00e7\u00f5es podem ser obtidas pelo telefone (11) 3091-9183 ou pelo e-mail 3idade@usp.br.<\/p>\n<p>Do Portal do Governo do Estado SP<\/p>\n","protected":false},"excerpt":{"rendered":"<p>O programa Universidade Aberta \u00e0 Terceira Idade da USP (Universidade de S\u00e3o Paulo) est\u00e1 com 4.300 vagas gratuitas para alunos com mais de 60 anos. As inscri\u00e7\u00f5es para o segundo semestre come\u00e7a no dia 25 de julho. S\u00e3o oferecidas vagas em 483 atividades, que incluem disciplinas regulares oferecidas nos cursos de gradua\u00e7\u00e3o, palestras, excurs\u00f5es, pr\u00e1ticas [&hellip;]<\/p>\n","protected":false},"author":2,"featured_media":28951,"comment_status":"open","ping_status":"closed","sticky":false,"template":"","format":"standard","meta":{"tdm_status":"","tdm_grid_status":"","footnotes":""},"categories":[22,351,370],"tags":[],"class_list":{"0":"post-91062","1":"post","2":"type-post","3":"status-publish","4":"format-standard","5":"has-post-thumbnail","7":"category-brasil","8":"category-cursos","9":"category-inscricao"},"_links":{"self":[{"href":"https:\/\/migracao.redenoticia.com.br\/noticia\/wp-json\/wp\/v2\/posts\/91062","targetHints":{"allow":["GET"]}}],"collection":[{"href":"https:\/\/migracao.redenoticia.com.br\/noticia\/wp-json\/wp\/v2\/posts"}],"about":[{"href":"https:\/\/migracao.redenoticia.com.br\/noticia\/wp-json\/wp\/v2\/types\/post"}],"author":[{"embeddable":true,"href":"https:\/\/migracao.redenoticia.com.br\/noticia\/wp-json\/wp\/v2\/users\/2"}],"replies":[{"embeddable":true,"href":"https:\/\/migracao.redenoticia.com.br\/noticia\/wp-json\/wp\/v2\/comments?post=91062"}],"version-history":[{"count":0,"href":"https:\/\/migracao.redenoticia.com.br\/noticia\/wp-json\/wp\/v2\/posts\/91062\/revisions"}],"wp:featuredmedia":[{"embeddable":true,"href":"https:\/\/migracao.redenoticia.com.br\/noticia\/wp-json\/wp\/v2\/media\/28951"}],"wp:attachment":[{"href":"https:\/\/migracao.redenoticia.com.br\/noticia\/wp-json\/wp\/v2\/media?parent=91062"}],"wp:term":[{"taxonomy":"category","embeddable":true,"href":"https:\/\/migracao.redenoticia.com.br\/noticia\/wp-json\/wp\/v2\/categories?post=91062"},{"taxonomy":"post_tag","embeddable":true,"href":"https:\/\/migracao.redenoticia.com.br\/noticia\/wp-json\/wp\/v2\/tags?post=91062"}],"curies":[{"name":"wp","href":"https:\/\/api.w.org\/{rel}","templated":true}]}}