{"id":91068,"date":"2016-07-25T10:09:51","date_gmt":"2016-07-25T13:09:51","guid":{"rendered":"http:\/\/www.redenoticia.com.br\/noticia\/?p=91068"},"modified":"2016-07-22T19:10:55","modified_gmt":"2016-07-22T22:10:55","slug":"unicef-alerta-mortes-por-aids-entre-adolescentes-mais-que-dobraram-desde-2000","status":"publish","type":"post","link":"https:\/\/migracao.redenoticia.com.br\/noticia\/2016\/unicef-alerta-mortes-por-aids-entre-adolescentes-mais-que-dobraram-desde-2000\/91068","title":{"rendered":"Unicef alerta: mortes por aids entre adolescentes mais que dobraram desde 2000"},"content":{"rendered":"<p> Desde o ano 2000, mortes relacionadas \u00e0 <strong><em>aids<\/em><\/strong> mais do que duplicaram entre adolescentes em todo o mundo. A estimativa \u00e9 que, a cada hora, 29 pessoas de 15 a 19 anos sejam infectadas pelo HIV, segundo o Fundo das Na\u00e7\u00f5es Unidas para a Inf\u00e2ncia (Unicef). Os n\u00fameros, apresentados durante a 21\u00aa Confer\u00eancia Internacional sobre Aids, revelam que a doen\u00e7a segue como a segunda causa de morte entre jovens na faixa et\u00e1ria de 10 a 19 anos.<\/p>\n<p>De acordo com o relat\u00f3rio, meninas s\u00e3o mais vulner\u00e1veis \u00e0 epidemia de Aids, representando cerca de 65% das novas infec\u00e7\u00f5es em adolescentes no mundo. Na \u00c1frica Subsaariana, regi\u00e3o onde est\u00e3o aproximadamente 70% das pessoas que vivem com HIV no planeta, tr\u00eas em cada quatro adolescentes infectados em 2015 eram meninas.<\/p>\n<p>O medo de passar pelo exame, segundo o Unicef, faz com que muitos jovens n\u00e3o tenham conhecimento de sua situa\u00e7\u00e3o \u2013 apenas 13% das meninas e 9% dos rapazes foram testados no \u00faltimo ano. Pesquisa conduzida pelo pr\u00f3prio fundo das Na\u00e7\u00f5es Unidas em 16 pa\u00edses constatou que 68% dos 52 mil jovens entrevistados n\u00e3o querem fazer o exame por medo de um resultado positivo e por preocupa\u00e7\u00e3o com estigma social.<\/p>\n<p>\u201cDepois de tantas vidas salvas e melhor cuidadas gra\u00e7as \u00e0 preven\u00e7\u00e3o, tratamento e cuidado; depois de todas as batalhas ganhas contra o preconceito e a ignor\u00e2ncia relacionados \u00e0 doen\u00e7a; depois de todos os maravilhosos marcos alcan\u00e7ados, a Aids permanece como a segunda causa de morte entre jovens de 10 a 19 anos em todo o mundo \u2013 e causa n\u00famero um na \u00c1frica\u201d, destacou o diretor-executivo do Unicef, Anthony Lake.<\/p>\n<p>Paula Laboissi\u00e8re &#8211; Rep\u00f3rter da Ag\u00eancia Brasil<br \/>\nEdi\u00e7\u00e3o: Jorge Wamburg<br \/>\n25\/07\/2016<\/p>\n","protected":false},"excerpt":{"rendered":"<p>Desde o ano 2000, mortes relacionadas \u00e0 aids mais do que duplicaram entre adolescentes em todo o mundo. A estimativa \u00e9 que, a cada hora, 29 pessoas de 15 a 19 anos sejam infectadas pelo HIV, segundo o Fundo das Na\u00e7\u00f5es Unidas para a Inf\u00e2ncia (Unicef). Os n\u00fameros, apresentados durante a 21\u00aa Confer\u00eancia Internacional sobre [&hellip;]<\/p>\n","protected":false},"author":2,"featured_media":37376,"comment_status":"open","ping_status":"closed","sticky":false,"template":"","format":"standard","meta":{"tdm_status":"","tdm_grid_status":"","footnotes":""},"categories":[22,5],"tags":[],"class_list":{"0":"post-91068","1":"post","2":"type-post","3":"status-publish","4":"format-standard","5":"has-post-thumbnail","7":"category-brasil","8":"category-saude-e-vida"},"_links":{"self":[{"href":"https:\/\/migracao.redenoticia.com.br\/noticia\/wp-json\/wp\/v2\/posts\/91068","targetHints":{"allow":["GET"]}}],"collection":[{"href":"https:\/\/migracao.redenoticia.com.br\/noticia\/wp-json\/wp\/v2\/posts"}],"about":[{"href":"https:\/\/migracao.redenoticia.com.br\/noticia\/wp-json\/wp\/v2\/types\/post"}],"author":[{"embeddable":true,"href":"https:\/\/migracao.redenoticia.com.br\/noticia\/wp-json\/wp\/v2\/users\/2"}],"replies":[{"embeddable":true,"href":"https:\/\/migracao.redenoticia.com.br\/noticia\/wp-json\/wp\/v2\/comments?post=91068"}],"version-history":[{"count":0,"href":"https:\/\/migracao.redenoticia.com.br\/noticia\/wp-json\/wp\/v2\/posts\/91068\/revisions"}],"wp:featuredmedia":[{"embeddable":true,"href":"https:\/\/migracao.redenoticia.com.br\/noticia\/wp-json\/wp\/v2\/media\/37376"}],"wp:attachment":[{"href":"https:\/\/migracao.redenoticia.com.br\/noticia\/wp-json\/wp\/v2\/media?parent=91068"}],"wp:term":[{"taxonomy":"category","embeddable":true,"href":"https:\/\/migracao.redenoticia.com.br\/noticia\/wp-json\/wp\/v2\/categories?post=91068"},{"taxonomy":"post_tag","embeddable":true,"href":"https:\/\/migracao.redenoticia.com.br\/noticia\/wp-json\/wp\/v2\/tags?post=91068"}],"curies":[{"name":"wp","href":"https:\/\/api.w.org\/{rel}","templated":true}]}}