{"id":91070,"date":"2016-07-25T10:10:59","date_gmt":"2016-07-25T13:10:59","guid":{"rendered":"http:\/\/www.redenoticia.com.br\/noticia\/?p=91070"},"modified":"2016-07-22T19:12:03","modified_gmt":"2016-07-22T22:12:03","slug":"estudo-da-fiocruz-aponta-pernilongo-como-potencial-transmissor-do-virus-zika","status":"publish","type":"post","link":"https:\/\/migracao.redenoticia.com.br\/noticia\/2016\/estudo-da-fiocruz-aponta-pernilongo-como-potencial-transmissor-do-virus-zika\/91070","title":{"rendered":"Estudo da Fiocruz aponta pernilongo como potencial transmissor do v\u00edrus Zika"},"content":{"rendered":"<p> Um estudo da Funda\u00e7\u00e3o Oswaldo Cruz (Fiocruz) constatou a presen\u00e7a do <strong><em>v\u00edrus Zika<\/em><\/strong> em mosquitos Culex quinquefasciatus (nome cient\u00edfico da muri\u00e7oca ou pernilongo dom\u00e9stico) coletados na cidade do Recife. Com isso, o inseto pode ser um potencial transmisssor do v\u00edrus. At\u00e9 o momento, nenhuma pesquisa cient\u00edfica comprova essa possibilidade.<\/p>\n<p>A pesquisa foi feita pela Fiocruz Pernambuco na regi\u00e3o metropolitana do Recife, onde a popula\u00e7\u00e3o do Culex quinquefasciatus \u00e9 cerca de 20 vezes maior do que a do Aedes aegypti, principal transmissor do v\u00edrus. Os resultados preliminares da pesquisa de campo identificaram a presen\u00e7a de Culex quinquefasciatus infectados naturalmente pelo v\u00edrus Zika em tr\u00eas dos 80 grupos de mosquitos analisados at\u00e9 o momento. Em duas dessas amostras, os mosquitos n\u00e3o estavam alimentados, demonstrando que o v\u00edrus estava disseminado no organismo do inseto e n\u00e3o em uma alimenta\u00e7\u00e3o recente num hospedeiro infectado.<\/p>\n<p>A coleta dos mosquitos foi feita com base nos endere\u00e7os dos casos relatados de Zika nas cidades do Recife e Arcoverde, obtidos com a Secretaria de Sa\u00fade do Estado de Pernambuco (SES-PE).<\/p>\n<p>O n\u00famero total de mosquitos examinados na pesquisa foi de aproximadamente 500. O objetivo do projeto \u00e9 comparar o papel de algumas esp\u00e9cies de mosquitos do Brasil na transmiss\u00e3o de arboviroses. Foi dada prioridade ao v\u00edrus Zika devido \u00e0 epidemia da doen\u00e7a no Brasil e sua liga\u00e7\u00e3o com casos de microcefalia.<\/p>\n<p>\u201cA pesquisa simula a condi\u00e7\u00e3o de viremia de um paciente real. Em seguida, os mosquitos foram coletados em diferentes momentos: no tempo zero, logo ap\u00f3s a infec\u00e7\u00e3o, tr\u00eas dias, sete dias, 11 e 15 dias ap\u00f3s a infec\u00e7\u00e3o pelo v\u00edrus\u201d, esclareceu a pesquisadora e coordenadora do estudo, Const\u00e2ncia Ayres.<\/p>\n<p>Um grupo controle, com mosquitos alimentados com sangue sem o v\u00edrus, tamb\u00e9m foi mantido. Cada mosquito foi dissecado para a extra\u00e7\u00e3o do intestino e da gl\u00e2ndula salivar, tecidos que representam barreiras ao desenvolvimento do v\u00edrus. O procedimento se d\u00e1 de maneira que, se a esp\u00e9cie n\u00e3o \u00e9 vetor, em determinado momento o desenvolvimento do v\u00edrus \u00e9 bloqueado pelo mosquito. No entanto, se a esp\u00e9cie \u00e9 vetor, a replica\u00e7\u00e3o do v\u00edrus acontece, se dissemina no corpo do inseto e acaba infectando a gl\u00e2ndula salivar, a partir da qual poder\u00e1 ser transmitido para outros hospedeiros durante a alimenta\u00e7\u00e3o sangu\u00ednea, pela libera\u00e7\u00e3o de saliva contendo v\u00edrus.<\/p>\n<p>Segundo Const\u00e2ncia, a partir do terceiro dia ap\u00f3s a alimenta\u00e7\u00e3o artificial, j\u00e1 foi poss\u00edvel detectar a presen\u00e7a do v\u00edrus nas gl\u00e2ndulas salivares das duas esp\u00e9cies de mosquito investigadas: \u201cAp\u00f3s sete dias, foi observado o pico de infec\u00e7\u00e3o nas gl\u00e2ndulas salivares o que foi confirmado atrav\u00e9s de microscopia eletr\u00f4nica\u201d.<\/p>\n<p>A partir dos dados obtidos ser\u00e3o necess\u00e1rios estudos adicionais para avaliar o potencial da participa\u00e7\u00e3o do Culex na dissemina\u00e7\u00e3o do v\u00edrus Zika e seu real papel na epidemia. O estudo atual tem grande relev\u00e2ncia, uma vez que as medidas de controle de vetores s\u00e3o diferentes. At\u00e9 os resultados de novas evid\u00eancias, a pol\u00edtica de controle da epidemia de Zika continuar\u00e1 pautada pelas mesmas diretrizes, tendo seu foco central no controle do Aedes aegypti.<\/p>\n<p>Da Ag\u00eancia Brasil<br \/>\nEdi\u00e7\u00e3o: Jorge Wamburg e Carolina Pimentel<br \/>\n25\/07\/2016<\/p>\n","protected":false},"excerpt":{"rendered":"<p>Um estudo da Funda\u00e7\u00e3o Oswaldo Cruz (Fiocruz) constatou a presen\u00e7a do v\u00edrus Zika em mosquitos Culex quinquefasciatus (nome cient\u00edfico da muri\u00e7oca ou pernilongo dom\u00e9stico) coletados na cidade do Recife. Com isso, o inseto pode ser um potencial transmisssor do v\u00edrus. At\u00e9 o momento, nenhuma pesquisa cient\u00edfica comprova essa possibilidade. A pesquisa foi feita pela Fiocruz [&hellip;]<\/p>\n","protected":false},"author":2,"featured_media":40847,"comment_status":"open","ping_status":"closed","sticky":false,"template":"","format":"standard","meta":{"tdm_status":"","tdm_grid_status":"","footnotes":""},"categories":[22,5],"tags":[],"class_list":{"0":"post-91070","1":"post","2":"type-post","3":"status-publish","4":"format-standard","5":"has-post-thumbnail","7":"category-brasil","8":"category-saude-e-vida"},"_links":{"self":[{"href":"https:\/\/migracao.redenoticia.com.br\/noticia\/wp-json\/wp\/v2\/posts\/91070","targetHints":{"allow":["GET"]}}],"collection":[{"href":"https:\/\/migracao.redenoticia.com.br\/noticia\/wp-json\/wp\/v2\/posts"}],"about":[{"href":"https:\/\/migracao.redenoticia.com.br\/noticia\/wp-json\/wp\/v2\/types\/post"}],"author":[{"embeddable":true,"href":"https:\/\/migracao.redenoticia.com.br\/noticia\/wp-json\/wp\/v2\/users\/2"}],"replies":[{"embeddable":true,"href":"https:\/\/migracao.redenoticia.com.br\/noticia\/wp-json\/wp\/v2\/comments?post=91070"}],"version-history":[{"count":0,"href":"https:\/\/migracao.redenoticia.com.br\/noticia\/wp-json\/wp\/v2\/posts\/91070\/revisions"}],"wp:featuredmedia":[{"embeddable":true,"href":"https:\/\/migracao.redenoticia.com.br\/noticia\/wp-json\/wp\/v2\/media\/40847"}],"wp:attachment":[{"href":"https:\/\/migracao.redenoticia.com.br\/noticia\/wp-json\/wp\/v2\/media?parent=91070"}],"wp:term":[{"taxonomy":"category","embeddable":true,"href":"https:\/\/migracao.redenoticia.com.br\/noticia\/wp-json\/wp\/v2\/categories?post=91070"},{"taxonomy":"post_tag","embeddable":true,"href":"https:\/\/migracao.redenoticia.com.br\/noticia\/wp-json\/wp\/v2\/tags?post=91070"}],"curies":[{"name":"wp","href":"https:\/\/api.w.org\/{rel}","templated":true}]}}