{"id":91123,"date":"2016-07-25T19:46:53","date_gmt":"2016-07-25T22:46:53","guid":{"rendered":"http:\/\/www.redenoticia.com.br\/noticia\/?p=91123"},"modified":"2016-07-26T00:57:02","modified_gmt":"2016-07-26T03:57:02","slug":"novela-escrava-mae-resumo-2607-juliana-acha-que-foi-injusta-com-miguel","status":"publish","type":"post","link":"https:\/\/migracao.redenoticia.com.br\/noticia\/2016\/novela-escrava-mae-resumo-2607-juliana-acha-que-foi-injusta-com-miguel\/91123","title":{"rendered":"Novela \u201cEscrava M\u00e3e\u201d resumo 26\/07: Juliana acha que foi injusta com Miguel"},"content":{"rendered":"<p><img loading=\"lazy\" decoding=\"async\" class=\"alignleft size-thumbnail wp-image-87037\" src=\"https:\/\/migracao.redenoticia.com.br\/noticia\/imagens\/escrava-mae-novela-resumo-150x112.jpg\" alt=\"escrava-mae-novela-resumo\" width=\"150\" height=\"112\" srcset=\"https:\/\/migracao.redenoticia.com.br\/noticia\/imagens\/escrava-mae-novela-resumo-150x112.jpg 150w, https:\/\/migracao.redenoticia.com.br\/noticia\/imagens\/escrava-mae-novela-resumo-265x198.jpg 265w\" sizes=\"auto, (max-width: 150px) 100vw, 150px\" \/><strong><em>Novela \u201cEscrava M\u00e3e\u201d resumo 26\/07<\/em><\/strong>: Belezinha vai at\u00e9 a fazenda procurar por Juliana e avisa do sumi\u00e7o de Miguel. Juliana n\u00e3o se empolga muito devido aos \u00faltimos acontecimentos. Belezinha diz a Juliana que Miguel perdeu a mem\u00f3ria e que s\u00f3 lembra de coisas influenciado por Maria Isabel. Belezinha diz a Juliana que se o ama, talvez esteja na hora de lutar por Miguel. Juliana parece atordoada diante de Belezinha que pede para lutar por Miguel. Juliana conversa com Tia Joaquina e diz que foi injusta com Miguel.<\/p>\n<p>No capitulo 041(*), novela \u201cEscrava M\u00e3e\u201d, ter\u00e7a-feira, 26 de julho &#8211; Juliana tem um pesadelo. Maria Isabel surpresa diante de Esm\u00e9ria que tem o documento em m\u00e3os. Almeida est\u00e1 nervoso diante de Teresa e pergunta sobre um documento que estava no palet\u00f3. Juliana encontra Maria Isabel e diz que assim que Almeida sair do quarto, ela vai procurar o documento. Esm\u00e9ria diz que n\u00e3o precisa mais pois j\u00e1 encontrou. Maria Isabel sai e Esm\u00e9ria encara Juliana, triunfante, antes de ir para a cozinha. Almeida vem do quarto e v\u00ea Juliana e j\u00e1 a pega pelo bra\u00e7o. Catarina recebe Quintiliano e diz que n\u00e3o quer interromper na hist\u00f3ria entre ele e Beatrice, mas n\u00e3o quer perder sua amizade. Juliana diz a Esm\u00e9ria que n\u00e3o deveria se meter na procura do documento e que agora Almeida desconfia dela e amea\u00e7a entreg\u00e1-la caso Almeida volte a procurar.<\/p>\n<p>Os\u00f3rio encontra Gen\u00e9sio, que empilha sacos de a\u00e7\u00facar e sente um pouco de dor da queimadura, mas se cont\u00e9m. Guilherme chega na c\u00e2mara satisfeito, com uma pasta na m\u00e3o. Loreto observa. Guilherme senta na cabeceira da mesa, no lugar do presidente. Belezinha vai at\u00e9 a fazenda procurar por Juliana e avisa do sumi\u00e7o de Miguel. Juliana n\u00e3o se empolga muito devido aos \u00faltimos acontecimentos. Belezinha diz a Juliana que Miguel perdeu a mem\u00f3ria e que s\u00f3 lembra de coisas influenciado por Maria Isabel. Belezinha diz a Juliana que se o ama, talvez esteja na hora de lutar por Miguel. Juliana parece atordoada diante de Belezinha que pede para lutar por Miguel. Maria Isabel procura por \u00c1tila para saber do sumi\u00e7o de Miguel. D\u00e1lia leva Jasmim at\u00e9 Urraca. Almeida flagra Guilherme e Pet\u00fania se beijando e fica triunfante.<\/p>\n<p>Almeida d\u00e1 um soco em Guilherme que revida. Juliana conversa com Tia Joaquina e se diz que foi injusta com Miguel. Maria Isabel fica interessada diante de \u00c1tila que diz que Os\u00f3rio conhecia o pai de Miguel e que tamb\u00e9m est\u00e1 atr\u00e1s do mesmo mapa. Guilherme vai at\u00e9 o palacete de Catarina tirar satisfa\u00e7\u00e3o pela vinda da princesa. Almeida diz a Pet\u00fania que jamais a esqueceu e ela pede que Almeida largue a mulher pra viver com ela. Almeida pede ajuda a Pet\u00fania pra derrubar Guilherme e ela recusa. Almeida conversa com Urraca que pensa em dar um sumi\u00e7o em Jasmim. \u00c1tila vai at\u00e9 Urraca atr\u00e1s de Jasmim. Os\u00f3rio tira o capuz de Miguel que pede um pouco de \u00e1gua. Os\u00f3rio pega um alicate e mostra pra Miguel, doentio.<\/p>\n<p>(*) edi\u00e7\u00e3o da Rede Record, Novela \u201cEscrava M\u00e3e\u201d, sujeito a altera\u00e7\u00e3o de data e conte\u00fado.<\/p>\n","protected":false},"excerpt":{"rendered":"<p>Novela \u201cEscrava M\u00e3e\u201d resumo 26\/07: Belezinha vai at\u00e9 a fazenda procurar por Juliana e avisa do sumi\u00e7o de Miguel. Juliana n\u00e3o se empolga muito devido aos \u00faltimos acontecimentos. Belezinha diz a Juliana que Miguel perdeu a mem\u00f3ria e que s\u00f3 lembra de coisas influenciado por Maria Isabel. Belezinha diz a Juliana que se o ama, [&hellip;]<\/p>\n","protected":false},"author":2,"featured_media":87037,"comment_status":"open","ping_status":"closed","sticky":false,"template":"","format":"standard","meta":{"tdm_status":"","tdm_grid_status":"","footnotes":""},"categories":[379,371,343],"tags":[441],"class_list":{"0":"post-91123","1":"post","2":"type-post","3":"status-publish","4":"format-standard","5":"has-post-thumbnail","7":"category-novelas","8":"category-rede-record","9":"category-televisao","10":"tag-resumo-do-dia"},"_links":{"self":[{"href":"https:\/\/migracao.redenoticia.com.br\/noticia\/wp-json\/wp\/v2\/posts\/91123","targetHints":{"allow":["GET"]}}],"collection":[{"href":"https:\/\/migracao.redenoticia.com.br\/noticia\/wp-json\/wp\/v2\/posts"}],"about":[{"href":"https:\/\/migracao.redenoticia.com.br\/noticia\/wp-json\/wp\/v2\/types\/post"}],"author":[{"embeddable":true,"href":"https:\/\/migracao.redenoticia.com.br\/noticia\/wp-json\/wp\/v2\/users\/2"}],"replies":[{"embeddable":true,"href":"https:\/\/migracao.redenoticia.com.br\/noticia\/wp-json\/wp\/v2\/comments?post=91123"}],"version-history":[{"count":0,"href":"https:\/\/migracao.redenoticia.com.br\/noticia\/wp-json\/wp\/v2\/posts\/91123\/revisions"}],"wp:featuredmedia":[{"embeddable":true,"href":"https:\/\/migracao.redenoticia.com.br\/noticia\/wp-json\/wp\/v2\/media\/87037"}],"wp:attachment":[{"href":"https:\/\/migracao.redenoticia.com.br\/noticia\/wp-json\/wp\/v2\/media?parent=91123"}],"wp:term":[{"taxonomy":"category","embeddable":true,"href":"https:\/\/migracao.redenoticia.com.br\/noticia\/wp-json\/wp\/v2\/categories?post=91123"},{"taxonomy":"post_tag","embeddable":true,"href":"https:\/\/migracao.redenoticia.com.br\/noticia\/wp-json\/wp\/v2\/tags?post=91123"}],"curies":[{"name":"wp","href":"https:\/\/api.w.org\/{rel}","templated":true}]}}