{"id":91125,"date":"2016-07-25T15:50:47","date_gmt":"2016-07-25T18:50:47","guid":{"rendered":"http:\/\/www.redenoticia.com.br\/noticia\/?p=91125"},"modified":"2016-07-24T23:53:52","modified_gmt":"2016-07-25T02:53:52","slug":"novela-chamas-da-vida-resumo-2607-fausto-prende-suelen","status":"publish","type":"post","link":"https:\/\/migracao.redenoticia.com.br\/noticia\/2016\/novela-chamas-da-vida-resumo-2607-fausto-prende-suelen\/91125","title":{"rendered":"Novela \u201cChamas da Vida\u201d resumo 26\/07: Fausto prende Suelen"},"content":{"rendered":"<p> <img loading=\"lazy\" decoding=\"async\" class=\"alignleft size-thumbnail wp-image-82020\" src=\"https:\/\/migracao.redenoticia.com.br\/noticia\/imagens\/chamas_da_vida_resumo_novela-150x112.jpeg\" alt=\"chamas_da_vida_resumo_novela\" width=\"150\" height=\"112\" \/><strong><em>Novela \u201cChamas da Vida\u201d resumo 26\/07<\/em><\/strong>: Fausto liga a Tuquinha e diz para ela n\u00e3o deixar ningu\u00e9m sa\u00edr da pens\u00e3o antes que ele chegue. Fausto diz a Suelen para o acompanhar \u00e0 esquadra e diz que as impress\u00f5es digitais de Suelen est\u00e3o na placa da f\u00eanix. Suelen diz que o exame est\u00e1 errado. Eurico diz para ela contar a verdade. Suelen diz que n\u00e3o \u00e9 a incendi\u00e1ria. Ivonete diz que Suelen n\u00e3o tem intelig\u00eancia para ser a incendi\u00e1ria. Suelen diz que n\u00e3o matou Walter. Fausto diz que vai pedir a pris\u00e3o tempor\u00e1ria de Suelen. Eurico diz para Suelen colaborar.<\/p>\n<p>No capitulo 190(*), novela \u201cChamas da Vida\u201d, ter\u00e7a-feira, 26 de julho &#8211; Fausto diz a Xavier que ele est\u00e1 suspenso e que n\u00e3o vai contar quem \u00e9 o incendi\u00e1rio. Fausto liga a Tuquinha e diz para ela n\u00e3o deixar ningu\u00e9m sa\u00edr da pens\u00e3o antes que ele chegue. Vilma toma o pequeno almo\u00e7o com Vivi e Rafa. Fausto diz a Suelen para o acompanhar \u00e0 esquadra. Pedro diz a Carolina que Vivi est\u00e1 a provocar Vilma. Carolina diz que \u00e9 perigoso brincar com Vilma. Fausto diz que as impress\u00f5es digitais de Suelen est\u00e3o na placa da f\u00eanix. Suelen diz que o exame est\u00e1 errado. Eurico diz para ela contar a verdade. <\/p>\n<p>Suelen diz que n\u00e3o \u00e9 a incendi\u00e1ria. Ivonete diz que Suelen n\u00e3o tem intelig\u00eancia para ser a incendi\u00e1ria. Suelen diz que n\u00e3o matou Walter. Fausto diz que vai pedir a pris\u00e3o tempor\u00e1ria de Suelen. Eurico diz para Suelen colaborar. Mercedes chega \u00e0 sala e diz que Darlene est\u00e1 a desobedecer \u00e0s ordens de Vilma. Vivi faz pouco de Mercedes. Pedro conta a Carolina que a placa da f\u00eanix tinha as impress\u00f5es digitais de Suelen. Pedro pede calma. Carolina diz que n\u00e3o d\u00e1 para ter calma, porque Suelen matou o pai dela, Miguel e Andressa. Pedro diz que n\u00e3o acredita que Suelen seja a incendi\u00e1ria. <\/p>\n<p>Carolina diz que se ela colocou a m\u00e3o na placa, ela \u00e9 a incendi\u00e1ria. Ivonete diz a Beatriz que \u00e9 claro que n\u00e3o foi Suelen. Tom\u00e1s diz que as impress\u00f5es digitais de Suelen na placa complicam a situa\u00e7\u00e3o dela. Eurico pergunta porque Suelen cometeu os crimes. Suelen diz que n\u00e3o fez nada. Fausto pergunta como as impress\u00f5es digitais dela est\u00e3o na placa. Ela diz que n\u00e3o sabe. Roseclair pede para Suelen n\u00e3o esconder nada dela. Arlete fica furiosa ao saber que Suelen \u00e9 suspeita de ser a incendi\u00e1ria.Vilma dorme e acorda assustada com o telem\u00f3vel a tocar. Ela atende e a pessoa misteriosa pergunta se Vilma achou que tinha se livrado dele.<\/p>\n<p>(*) edi\u00e7\u00e3o da Rede Record, Novela \u201cChamas da Vida\u201d, sujeito a altera\u00e7\u00e3o de data e conte\u00fado.<\/p>\n","protected":false},"excerpt":{"rendered":"<p>Novela \u201cChamas da Vida\u201d resumo 26\/07: Fausto liga a Tuquinha e diz para ela n\u00e3o deixar ningu\u00e9m sa\u00edr da pens\u00e3o antes que ele chegue. Fausto diz a Suelen para o acompanhar \u00e0 esquadra e diz que as impress\u00f5es digitais de Suelen est\u00e3o na placa da f\u00eanix. Suelen diz que o exame est\u00e1 errado. Eurico diz [&hellip;]<\/p>\n","protected":false},"author":2,"featured_media":82020,"comment_status":"open","ping_status":"closed","sticky":false,"template":"","format":"standard","meta":{"tdm_status":"","tdm_grid_status":"","footnotes":""},"categories":[379,371,343],"tags":[441],"class_list":{"0":"post-91125","1":"post","2":"type-post","3":"status-publish","4":"format-standard","5":"has-post-thumbnail","7":"category-novelas","8":"category-rede-record","9":"category-televisao","10":"tag-resumo-do-dia"},"_links":{"self":[{"href":"https:\/\/migracao.redenoticia.com.br\/noticia\/wp-json\/wp\/v2\/posts\/91125","targetHints":{"allow":["GET"]}}],"collection":[{"href":"https:\/\/migracao.redenoticia.com.br\/noticia\/wp-json\/wp\/v2\/posts"}],"about":[{"href":"https:\/\/migracao.redenoticia.com.br\/noticia\/wp-json\/wp\/v2\/types\/post"}],"author":[{"embeddable":true,"href":"https:\/\/migracao.redenoticia.com.br\/noticia\/wp-json\/wp\/v2\/users\/2"}],"replies":[{"embeddable":true,"href":"https:\/\/migracao.redenoticia.com.br\/noticia\/wp-json\/wp\/v2\/comments?post=91125"}],"version-history":[{"count":0,"href":"https:\/\/migracao.redenoticia.com.br\/noticia\/wp-json\/wp\/v2\/posts\/91125\/revisions"}],"wp:featuredmedia":[{"embeddable":true,"href":"https:\/\/migracao.redenoticia.com.br\/noticia\/wp-json\/wp\/v2\/media\/82020"}],"wp:attachment":[{"href":"https:\/\/migracao.redenoticia.com.br\/noticia\/wp-json\/wp\/v2\/media?parent=91125"}],"wp:term":[{"taxonomy":"category","embeddable":true,"href":"https:\/\/migracao.redenoticia.com.br\/noticia\/wp-json\/wp\/v2\/categories?post=91125"},{"taxonomy":"post_tag","embeddable":true,"href":"https:\/\/migracao.redenoticia.com.br\/noticia\/wp-json\/wp\/v2\/tags?post=91125"}],"curies":[{"name":"wp","href":"https:\/\/api.w.org\/{rel}","templated":true}]}}