{"id":91129,"date":"2016-07-25T20:25:04","date_gmt":"2016-07-25T23:25:04","guid":{"rendered":"http:\/\/www.redenoticia.com.br\/noticia\/?p=91129"},"modified":"2016-07-25T00:09:49","modified_gmt":"2016-07-25T03:09:49","slug":"novela-sila-resumo-2607-celil-denuncia-ahmet-a-policia","status":"publish","type":"post","link":"https:\/\/migracao.redenoticia.com.br\/noticia\/2016\/novela-sila-resumo-2607-celil-denuncia-ahmet-a-policia\/91129","title":{"rendered":"Novela \u201cSila\u201d resumo 26\/07: Celil denuncia Ahmet \u00e0 pol\u00edcia"},"content":{"rendered":"<p> <img loading=\"lazy\" decoding=\"async\" class=\"alignleft size-thumbnail wp-image-83098\" src=\"https:\/\/migracao.redenoticia.com.br\/noticia\/imagens\/sila_band_novela_resumo_capitulo-150x112.jpg\" alt=\"sila_band_novela_resumo_capitulo\" width=\"150\" height=\"112\" srcset=\"https:\/\/migracao.redenoticia.com.br\/noticia\/imagens\/sila_band_novela_resumo_capitulo-150x112.jpg 150w, https:\/\/migracao.redenoticia.com.br\/noticia\/imagens\/sila_band_novela_resumo_capitulo-265x198.jpg 265w\" sizes=\"auto, (max-width: 150px) 100vw, 150px\" \/><strong><em> Novela \u201cSila\u201d resumo 26\/07<\/em><\/strong>: um estranho atira em Boran. Sila se desespera. Enquanto isso, o pai de Sila descobre que o chefe Ahmet \u00e9 o mandante do crime. Ahmet aparece no hospital e Sila aponta uma arma para ele. Celil denuncia Ahmet \u00e0 pol\u00edcia. Firus chama o chefe Ahmed e jura vingan\u00e7a pelo que ele fez para Boran, embora ele negue dizendo que algu\u00e9m quer causar \u00f3dio entre eles.<\/p>\n<p>No capitulo 103(*), novela \u201cSila\u201d, ter\u00e7a-feira, 26 de julho &#8211; Sila se desespera ao saber do estado de sa\u00fade de Boran. Celil descobre que Ahmet \u00e9 o respons\u00e1vel pelo atentado a Boran. Os empregados de Firuz tentam encontrar o homem que atirou em Boran. Os m\u00e9dicos contam para Sila que Boran est\u00e1 em coma. Celil denuncia Ahmet \u00e0 pol\u00edcia. Bedar faz exames no hospital e tem m\u00e1s not\u00edcias sobre sua sa\u00fade. Narin descobre que est\u00e1 gr\u00e1vida de uma menina. Os m\u00e9dicos t\u00eam feito todo o poss\u00edvel para salvar Boran, mas ele continua em coma e ningu\u00e9m sabe quando ele vai acordar. Firus chama o chefe Ahmed e jura vingan\u00e7a pelo que ele fez para Boran, embora ele negue dizendo que algu\u00e9m quer causar \u00f3dio entre eles. Enquanto isso, o m\u00e9dico confirma que Bedar tem um tumor em um de seus seios.<\/p>\n<p> Sila grava depoimentos das crian\u00e7as da escola de Boran e os leva ao hospital para que ele escute. A pol\u00edcia vai atr\u00e1s do chefe Ahmet, mas ele se esconde. Celil descobre que Bedar est\u00e1 doente. Os m\u00e9dicos recomendam que Sila deve deixar Boran nas m\u00e3os dos melhores especialistas. Ent\u00e3o, ela concorda em fazer todo o poss\u00edvel para ajud\u00e1-lo.<\/p>\n<p> Boran \u00e9 transferido para um hospital em Istambul. Sila e os pais tamb\u00e9m viajam. Bedar passa por mais exames. Sila pede a Emre que n\u00e3o interfira mais nos neg\u00f3cios dela. Ahmet \u00e9 detido pela pol\u00edcia. Sila permanece ao lado do marido e o cora\u00e7\u00e3o de Boran fica agitado toda vez que ele ouve sua voz. Quando ningu\u00e9m espera, Boran acorda do coma em que se encontrava.<\/p>\n<p>(*) edi\u00e7\u00e3o da Band, Novela \u201cSila\u201d, sujeito a altera\u00e7\u00e3o de data e conte\u00fado. <\/p>\n","protected":false},"excerpt":{"rendered":"<p>Novela \u201cSila\u201d resumo 26\/07: um estranho atira em Boran. Sila se desespera. Enquanto isso, o pai de Sila descobre que o chefe Ahmet \u00e9 o mandante do crime. Ahmet aparece no hospital e Sila aponta uma arma para ele. Celil denuncia Ahmet \u00e0 pol\u00edcia. Firus chama o chefe Ahmed e jura vingan\u00e7a pelo que ele [&hellip;]<\/p>\n","protected":false},"author":2,"featured_media":83098,"comment_status":"open","ping_status":"closed","sticky":false,"template":"","format":"standard","meta":{"tdm_status":"","tdm_grid_status":"","footnotes":""},"categories":[390,379,343],"tags":[441],"class_list":{"0":"post-91129","1":"post","2":"type-post","3":"status-publish","4":"format-standard","5":"has-post-thumbnail","7":"category-band","8":"category-novelas","9":"category-televisao","10":"tag-resumo-do-dia"},"_links":{"self":[{"href":"https:\/\/migracao.redenoticia.com.br\/noticia\/wp-json\/wp\/v2\/posts\/91129","targetHints":{"allow":["GET"]}}],"collection":[{"href":"https:\/\/migracao.redenoticia.com.br\/noticia\/wp-json\/wp\/v2\/posts"}],"about":[{"href":"https:\/\/migracao.redenoticia.com.br\/noticia\/wp-json\/wp\/v2\/types\/post"}],"author":[{"embeddable":true,"href":"https:\/\/migracao.redenoticia.com.br\/noticia\/wp-json\/wp\/v2\/users\/2"}],"replies":[{"embeddable":true,"href":"https:\/\/migracao.redenoticia.com.br\/noticia\/wp-json\/wp\/v2\/comments?post=91129"}],"version-history":[{"count":0,"href":"https:\/\/migracao.redenoticia.com.br\/noticia\/wp-json\/wp\/v2\/posts\/91129\/revisions"}],"wp:featuredmedia":[{"embeddable":true,"href":"https:\/\/migracao.redenoticia.com.br\/noticia\/wp-json\/wp\/v2\/media\/83098"}],"wp:attachment":[{"href":"https:\/\/migracao.redenoticia.com.br\/noticia\/wp-json\/wp\/v2\/media?parent=91129"}],"wp:term":[{"taxonomy":"category","embeddable":true,"href":"https:\/\/migracao.redenoticia.com.br\/noticia\/wp-json\/wp\/v2\/categories?post=91129"},{"taxonomy":"post_tag","embeddable":true,"href":"https:\/\/migracao.redenoticia.com.br\/noticia\/wp-json\/wp\/v2\/tags?post=91129"}],"curies":[{"name":"wp","href":"https:\/\/api.w.org\/{rel}","templated":true}]}}