{"id":91134,"date":"2016-07-25T21:00:46","date_gmt":"2016-07-26T00:00:46","guid":{"rendered":"http:\/\/www.redenoticia.com.br\/noticia\/?p=91134"},"modified":"2016-07-25T18:18:03","modified_gmt":"2016-07-25T21:18:03","slug":"novela-a-garota-da-moto-resumo-2607-bernarda-descobre-que-joana-esta-em-sao-paulo","status":"publish","type":"post","link":"https:\/\/migracao.redenoticia.com.br\/noticia\/2016\/novela-a-garota-da-moto-resumo-2607-bernarda-descobre-que-joana-esta-em-sao-paulo\/91134","title":{"rendered":"Novela \u201cA Garota da Moto\u201d resumo 26\/07: Bernarda descobre que Joana est\u00e1 em SP"},"content":{"rendered":"<p><img loading=\"lazy\" decoding=\"async\" class=\"alignleft size-thumbnail wp-image-90196\" src=\"https:\/\/migracao.redenoticia.com.br\/noticia\/imagens\/A_Garota_da_Moto_SBT_Resumo_Novela-150x112.jpg\" alt=\"A_Garota_da_Moto_SBT_Resumo_Novela\" width=\"150\" height=\"112\" srcset=\"https:\/\/migracao.redenoticia.com.br\/noticia\/imagens\/A_Garota_da_Moto_SBT_Resumo_Novela-150x112.jpg 150w, https:\/\/migracao.redenoticia.com.br\/noticia\/imagens\/A_Garota_da_Moto_SBT_Resumo_Novela-265x198.jpg 265w\" sizes=\"auto, (max-width: 150px) 100vw, 150px\" \/><strong><em>Novela \u201cA Garota da Moto\u201d resumo 26\/07<\/em><\/strong>: uma misteriosa gangue liderada por uma motogirl oriental est\u00e1 a espancar motoboys. Quando Fang, a l\u00edder da gangue, encontra Joana, ela destr\u00f3i a valiosa encomenda que J\u00f4 tem que entregar. Mais tarde, Joana enfrenta Fang e a vence numa luta. A gangue \u00e9 desbaratada e Fang \u00e9 presa. Enquanto isso, Bernarda descobre que Joana est\u00e1 em S\u00e3o Paulo e chega \u00e0 cidade em companhia de Dinho.<\/p>\n<p>No cap\u00edtulo 010 (*), novela \u201cA garota da Mota\u201d, ter\u00e7a-feira, 26 de julho \u2013 uma misteriosa gangue liderada por uma motogirl oriental est\u00e1 espancando motoboys. Quando Fang, a l\u00edder da gangue, encontra Joana, ela destr\u00f3i a valiosa encomenda que J\u00f4 tem que entregar.<\/p>\n<p>Liege, a milion\u00e1ria que espera a encomenda, um vaso antiqu\u00edssimo, corre o risco de passar uma grande vergonha diante da sociedade quatrocentona. Joana desmascara a trama toda. Nininha, uma socialite pedante e maldosa, armara contra Liege: o vaso quebrado era falso.<\/p>\n<p>Quanto a Fang, Joana a enfrenta e vence numa luta. A gangue \u00e9 desbaratada e Fang \u00e9 presa. Enquanto isso, Bernarda, que descobriu que Joana est\u00e1 em S\u00e3o Paulo, chega \u00e0 cidade em companhia de Dinho, disposta a encontrar a Garota da Moto.<\/p>\n<p>(*) edi\u00e7\u00e3o do SBT, Novela \u201cA Garota da Moto\u201d, sujeito a altera\u00e7\u00e3o de data e conte\u00fado.<\/p>\n","protected":false},"excerpt":{"rendered":"<p>Novela \u201cA Garota da Moto\u201d resumo 26\/07: uma misteriosa gangue liderada por uma motogirl oriental est\u00e1 a espancar motoboys. Quando Fang, a l\u00edder da gangue, encontra Joana, ela destr\u00f3i a valiosa encomenda que J\u00f4 tem que entregar. Mais tarde, Joana enfrenta Fang e a vence numa luta. A gangue \u00e9 desbaratada e Fang \u00e9 presa. [&hellip;]<\/p>\n","protected":false},"author":4,"featured_media":90196,"comment_status":"open","ping_status":"closed","sticky":false,"template":"","format":"standard","meta":{"tdm_status":"","tdm_grid_status":"","footnotes":""},"categories":[379,372,343],"tags":[441],"class_list":{"0":"post-91134","1":"post","2":"type-post","3":"status-publish","4":"format-standard","5":"has-post-thumbnail","7":"category-novelas","8":"category-sbt","9":"category-televisao","10":"tag-resumo-do-dia"},"_links":{"self":[{"href":"https:\/\/migracao.redenoticia.com.br\/noticia\/wp-json\/wp\/v2\/posts\/91134","targetHints":{"allow":["GET"]}}],"collection":[{"href":"https:\/\/migracao.redenoticia.com.br\/noticia\/wp-json\/wp\/v2\/posts"}],"about":[{"href":"https:\/\/migracao.redenoticia.com.br\/noticia\/wp-json\/wp\/v2\/types\/post"}],"author":[{"embeddable":true,"href":"https:\/\/migracao.redenoticia.com.br\/noticia\/wp-json\/wp\/v2\/users\/4"}],"replies":[{"embeddable":true,"href":"https:\/\/migracao.redenoticia.com.br\/noticia\/wp-json\/wp\/v2\/comments?post=91134"}],"version-history":[{"count":0,"href":"https:\/\/migracao.redenoticia.com.br\/noticia\/wp-json\/wp\/v2\/posts\/91134\/revisions"}],"wp:featuredmedia":[{"embeddable":true,"href":"https:\/\/migracao.redenoticia.com.br\/noticia\/wp-json\/wp\/v2\/media\/90196"}],"wp:attachment":[{"href":"https:\/\/migracao.redenoticia.com.br\/noticia\/wp-json\/wp\/v2\/media?parent=91134"}],"wp:term":[{"taxonomy":"category","embeddable":true,"href":"https:\/\/migracao.redenoticia.com.br\/noticia\/wp-json\/wp\/v2\/categories?post=91134"},{"taxonomy":"post_tag","embeddable":true,"href":"https:\/\/migracao.redenoticia.com.br\/noticia\/wp-json\/wp\/v2\/tags?post=91134"}],"curies":[{"name":"wp","href":"https:\/\/api.w.org\/{rel}","templated":true}]}}