{"id":91136,"date":"2016-07-25T19:45:23","date_gmt":"2016-07-25T22:45:23","guid":{"rendered":"http:\/\/www.redenoticia.com.br\/noticia\/?p=91136"},"modified":"2016-07-25T18:14:40","modified_gmt":"2016-07-25T21:14:40","slug":"novela-carrossel-resumo-2607-helena-diz-a-olivia-que-gostaria-de-dar-aula-para-o-quarto-ano","status":"publish","type":"post","link":"https:\/\/migracao.redenoticia.com.br\/noticia\/2016\/novela-carrossel-resumo-2607-helena-diz-a-olivia-que-gostaria-de-dar-aula-para-o-quarto-ano\/91136","title":{"rendered":"Novela \u201cCarrossel\u201d resumo 26\/07: Ol\u00edvia nega pedido de Helena"},"content":{"rendered":"<p><img loading=\"lazy\" decoding=\"async\" class=\"alignleft size-thumbnail wp-image-82147\" src=\"https:\/\/migracao.redenoticia.com.br\/noticia\/imagens\/Carrossel_resumo_novela_sbt-150x112.jpg\" alt=\"Carrossel_resumo_novela_sbt\" width=\"150\" height=\"112\" srcset=\"https:\/\/migracao.redenoticia.com.br\/noticia\/imagens\/Carrossel_resumo_novela_sbt-150x112.jpg 150w, https:\/\/migracao.redenoticia.com.br\/noticia\/imagens\/Carrossel_resumo_novela_sbt-265x198.jpg 265w\" sizes=\"auto, (max-width: 150px) 100vw, 150px\" \/><strong><em>Novela \u201cCarrossel\u201d resumo 26\/07<\/em><\/strong>:\u00a0Ol\u00edvia liga para Helena e marca uma reuni\u00e3o na escola. A professora chega \u00e0 diretoria e Ol\u00edvia a avisa que seus alunos passaram dos limites. Helena pede paci\u00eancia, pois os alunos est\u00e3o em fase de transi\u00e7\u00e3o. A diretora diz que as duas t\u00eam opini\u00f5es muito diferentes. Helena diz a Ol\u00edvia que gostaria de dar aula para o quarto ano. A diretora debocha e n\u00e3o concorda com ela. As crian\u00e7as esperam ansiosos por Helena do lado de fora da escola. Helena sai desconsolada e d\u00e1 a not\u00edcia que Ol\u00edvia n\u00e3o permitiu que ela continue a dar aula para eles. As crian\u00e7as ficam tristes e chateadas.<\/p>\n<p>No cap\u00edtulo 358 (*), novela \u201cCarrossel\u201d, ter\u00e7a-feira, 26 de julho \u2013 os alunos esperam ansiosos por Helena do lado de fora da escola. Enquanto isso, a professora diz a Ol\u00edvia que gostaria de dar aula para o quarto ano. A diretora debocha e n\u00e3o concorda com Helena. Jorge procura Maria Antonieta por todos os cantos de sua casa, mas n\u00e3o a encontra. Rosana ajuda o filho a procur\u00e1-la. A m\u00e3e de Jorge d\u00e1 a not\u00edcia para Alberto sobre o sumi\u00e7o da cachorra, o riquinho se culpa e pensa que Maria Antonieta fugiu por culpa dele.<\/p>\n<p>Helena sai desconsolada e as crian\u00e7as ansiosas questionam a professora. Triste, Helena d\u00e1 a not\u00edcia que Ol\u00edvia n\u00e3o permitiu que continue dando aula para eles no quarto ano. As crian\u00e7as ficam tristes e chateadas. Nat\u00e1lia procura Rabito, mas n\u00e3o o acha. Germano tranquiliza a esposa. A madrasta fica preocupada com o sumi\u00e7o do c\u00e3o. M\u00e1rio chega em casa e seu pai avisa que Rabito fugiu novamente. Nat\u00e1lia pede desculpas ao enteado, mas M\u00e1rio diz que a culpa n\u00e3o \u00e9 dela e sabe onde o cachorro est\u00e1. O garoto vai \u00e0 casa de Jorge, mas o riquinho diz que Maria Antonieta tamb\u00e9m fugiu de casa. Os dois saem para procurar, mas n\u00e3o acham seus mascotes. Cirilo descobre sobre o sumi\u00e7o de Rabito e avisa Maria Joaquina. Os dois decidem ajudar.<\/p>\n<p>M\u00e1rio e Jorge culpam um ao outro pelo desaparecimento dos cachorros e come\u00e7am a brigar. Cirilo e Maria Joaquina apartam a briga e avisam que v\u00e3o ajud\u00e1-los a procurar. Todos saem em busca para encontr\u00e1-los, mas n\u00e3o acham Rabito e Maria Antonieta. Maria Joaquina conversa com Cirilo sobre o comportamento hostil de Jorge. A patricinha n\u00e3o entende porque Cirilo ficou com pena de Jorge. Em seu quarto, M\u00e1rio relembra os momentos que passou ao lado de Rabito. Nat\u00e1lia fica preocupada com o garoto e, novamente, pede desculpa. M\u00e1rio abra\u00e7a a madrasta e os dois prometem encontrar Rabito.<\/p>\n<p>(*) edi\u00e7\u00e3o do SBT, Novela \u201cCarrossel\u201d, sujeito a altera\u00e7\u00e3o de data e conte\u00fado.<\/p>\n","protected":false},"excerpt":{"rendered":"<p>Novela \u201cCarrossel\u201d resumo 26\/07:\u00a0Ol\u00edvia liga para Helena e marca uma reuni\u00e3o na escola. A professora chega \u00e0 diretoria e Ol\u00edvia a avisa que seus alunos passaram dos limites. Helena pede paci\u00eancia, pois os alunos est\u00e3o em fase de transi\u00e7\u00e3o. A diretora diz que as duas t\u00eam opini\u00f5es muito diferentes. Helena diz a Ol\u00edvia que gostaria [&hellip;]<\/p>\n","protected":false},"author":4,"featured_media":82147,"comment_status":"open","ping_status":"closed","sticky":false,"template":"","format":"standard","meta":{"tdm_status":"","tdm_grid_status":"","footnotes":""},"categories":[379,372,343],"tags":[441],"class_list":{"0":"post-91136","1":"post","2":"type-post","3":"status-publish","4":"format-standard","5":"has-post-thumbnail","7":"category-novelas","8":"category-sbt","9":"category-televisao","10":"tag-resumo-do-dia"},"_links":{"self":[{"href":"https:\/\/migracao.redenoticia.com.br\/noticia\/wp-json\/wp\/v2\/posts\/91136","targetHints":{"allow":["GET"]}}],"collection":[{"href":"https:\/\/migracao.redenoticia.com.br\/noticia\/wp-json\/wp\/v2\/posts"}],"about":[{"href":"https:\/\/migracao.redenoticia.com.br\/noticia\/wp-json\/wp\/v2\/types\/post"}],"author":[{"embeddable":true,"href":"https:\/\/migracao.redenoticia.com.br\/noticia\/wp-json\/wp\/v2\/users\/4"}],"replies":[{"embeddable":true,"href":"https:\/\/migracao.redenoticia.com.br\/noticia\/wp-json\/wp\/v2\/comments?post=91136"}],"version-history":[{"count":0,"href":"https:\/\/migracao.redenoticia.com.br\/noticia\/wp-json\/wp\/v2\/posts\/91136\/revisions"}],"wp:featuredmedia":[{"embeddable":true,"href":"https:\/\/migracao.redenoticia.com.br\/noticia\/wp-json\/wp\/v2\/media\/82147"}],"wp:attachment":[{"href":"https:\/\/migracao.redenoticia.com.br\/noticia\/wp-json\/wp\/v2\/media?parent=91136"}],"wp:term":[{"taxonomy":"category","embeddable":true,"href":"https:\/\/migracao.redenoticia.com.br\/noticia\/wp-json\/wp\/v2\/categories?post=91136"},{"taxonomy":"post_tag","embeddable":true,"href":"https:\/\/migracao.redenoticia.com.br\/noticia\/wp-json\/wp\/v2\/tags?post=91136"}],"curies":[{"name":"wp","href":"https:\/\/api.w.org\/{rel}","templated":true}]}}