{"id":91138,"date":"2016-07-25T19:30:39","date_gmt":"2016-07-25T22:30:39","guid":{"rendered":"http:\/\/www.redenoticia.com.br\/noticia\/?p=91138"},"modified":"2016-07-25T18:13:03","modified_gmt":"2016-07-25T21:13:03","slug":"novela-cumplices-de-um-resgate-resumo-2607-regina-aparece-e-comeca-a-fazer-perguntas-sobre-maunela-e-rebeca","status":"publish","type":"post","link":"https:\/\/migracao.redenoticia.com.br\/noticia\/2016\/novela-cumplices-de-um-resgate-resumo-2607-regina-aparece-e-comeca-a-fazer-perguntas-sobre-maunela-e-rebeca\/91138","title":{"rendered":"Novela \u201cC\u00famplices de um Resgate\u201d resumo 26\/07: Regina investiga Manuela e Rebeca"},"content":{"rendered":"<p><img loading=\"lazy\" decoding=\"async\" class=\"alignleft size-thumbnail wp-image-71351\" src=\"https:\/\/migracao.redenoticia.com.br\/noticia\/imagens\/cumplices_de_um_resgate_sbt_novela_resumo-150x112.jpg\" alt=\"cumplices_de_um_resgate_sbt_novela_resumo\" width=\"150\" height=\"112\" srcset=\"https:\/\/migracao.redenoticia.com.br\/noticia\/imagens\/cumplices_de_um_resgate_sbt_novela_resumo-150x112.jpg 150w, https:\/\/migracao.redenoticia.com.br\/noticia\/imagens\/cumplices_de_um_resgate_sbt_novela_resumo-265x198.jpg 265w\" sizes=\"auto, (max-width: 150px) 100vw, 150px\" \/><strong><em>Novela \u201cC\u00famplices de um Resgate\u201d resumo 26\/07<\/em><\/strong>:\u00a0Ot\u00e1vio conversa com Raul e diz estar desconfiado de que Isabela e Manuela sejam g\u00eameas. Raul diz que vai fazer um exame de DNA para descobrir a verdade. Depois de conversar com Rebeca e fazer perguntas especificas sobre o nascimento de Manuela, ele resolve ir atr\u00e1s do paradeiro da enfermeira Marta Lobo. Enquanto que no Vilarejo, Regina aparece e come\u00e7a a fazer perguntas sobre Manuela e Rebeca. O padre vai atr\u00e1s das crian\u00e7as e diz estar preocupado com essa mulher que apareceu por l\u00e1.<\/p>\n<p>No cap\u00edtulo 257(*), novela \u201cC\u00famplice de um Resgate\u201d, ter\u00e7a-feira, 26 de julho \u2013 Omar diz para a m\u00e3e que sente vergonha dela. Ot\u00e1vio vai atr\u00e1s do paradeiro da enfermeira Marta Lobo, que fez o parto de Manuela.<\/p>\n<p>Safira diz para Arthur que a gravadora sofreu um rombo financeiro ainda maior do que suspeitavam e que Geraldo desviava o dinheiro dos impostos para uma conta no exterior. Safira alerta Arthur para tomar cuidado com Regina, pois acredita que ela tenha continuado com os desvios.<\/p>\n<p>Nina e Fiorina tentam estragar o pedido de casamento de Pedro para Helena. Regina vai at\u00e9 o vilarejo. O Padre vai atr\u00e1s das crian\u00e7as e diz estar preocupado pois uma mulher chama Regina esteve perguntando por Manuela e Rebeca.<\/p>\n<p>(*) edi\u00e7\u00e3o do SBT, Novela \u201cC\u00famplices de um Resgate\u201d, sujeito a altera\u00e7\u00e3o de data e conte\u00fado.<\/p>\n","protected":false},"excerpt":{"rendered":"<p>Novela \u201cC\u00famplices de um Resgate\u201d resumo 26\/07:\u00a0Ot\u00e1vio conversa com Raul e diz estar desconfiado de que Isabela e Manuela sejam g\u00eameas. Raul diz que vai fazer um exame de DNA para descobrir a verdade. Depois de conversar com Rebeca e fazer perguntas especificas sobre o nascimento de Manuela, ele resolve ir atr\u00e1s do paradeiro da [&hellip;]<\/p>\n","protected":false},"author":4,"featured_media":71351,"comment_status":"open","ping_status":"closed","sticky":false,"template":"","format":"standard","meta":{"tdm_status":"","tdm_grid_status":"","footnotes":""},"categories":[379,372,343],"tags":[441],"class_list":{"0":"post-91138","1":"post","2":"type-post","3":"status-publish","4":"format-standard","5":"has-post-thumbnail","7":"category-novelas","8":"category-sbt","9":"category-televisao","10":"tag-resumo-do-dia"},"_links":{"self":[{"href":"https:\/\/migracao.redenoticia.com.br\/noticia\/wp-json\/wp\/v2\/posts\/91138","targetHints":{"allow":["GET"]}}],"collection":[{"href":"https:\/\/migracao.redenoticia.com.br\/noticia\/wp-json\/wp\/v2\/posts"}],"about":[{"href":"https:\/\/migracao.redenoticia.com.br\/noticia\/wp-json\/wp\/v2\/types\/post"}],"author":[{"embeddable":true,"href":"https:\/\/migracao.redenoticia.com.br\/noticia\/wp-json\/wp\/v2\/users\/4"}],"replies":[{"embeddable":true,"href":"https:\/\/migracao.redenoticia.com.br\/noticia\/wp-json\/wp\/v2\/comments?post=91138"}],"version-history":[{"count":0,"href":"https:\/\/migracao.redenoticia.com.br\/noticia\/wp-json\/wp\/v2\/posts\/91138\/revisions"}],"wp:featuredmedia":[{"embeddable":true,"href":"https:\/\/migracao.redenoticia.com.br\/noticia\/wp-json\/wp\/v2\/media\/71351"}],"wp:attachment":[{"href":"https:\/\/migracao.redenoticia.com.br\/noticia\/wp-json\/wp\/v2\/media?parent=91138"}],"wp:term":[{"taxonomy":"category","embeddable":true,"href":"https:\/\/migracao.redenoticia.com.br\/noticia\/wp-json\/wp\/v2\/categories?post=91138"},{"taxonomy":"post_tag","embeddable":true,"href":"https:\/\/migracao.redenoticia.com.br\/noticia\/wp-json\/wp\/v2\/tags?post=91138"}],"curies":[{"name":"wp","href":"https:\/\/api.w.org\/{rel}","templated":true}]}}