{"id":91140,"date":"2016-07-25T18:00:51","date_gmt":"2016-07-25T21:00:51","guid":{"rendered":"http:\/\/www.redenoticia.com.br\/noticia\/?p=91140"},"modified":"2016-07-25T17:34:45","modified_gmt":"2016-07-25T20:34:45","slug":"novela-meu-coracao-e-teu-resumo-2607-ana-diz-a-fanny-que-seu-mundo-pode-vir-abaixo","status":"publish","type":"post","link":"https:\/\/migracao.redenoticia.com.br\/noticia\/2016\/novela-meu-coracao-e-teu-resumo-2607-ana-diz-a-fanny-que-seu-mundo-pode-vir-abaixo\/91140","title":{"rendered":"Novela \u201cMeu Cora\u00e7\u00e3o \u00e9 Teu\u201d resumo 26\/07: Ana aceita pedido de casamento"},"content":{"rendered":"<p><img loading=\"lazy\" decoding=\"async\" class=\"alignleft size-thumbnail wp-image-82119\" src=\"https:\/\/migracao.redenoticia.com.br\/noticia\/imagens\/meu_coracao_e_teu_novela_resumo_sbt-150x112.jpg\" alt=\"meu_coracao_e_teu_novela_resumo_sbt\" width=\"150\" height=\"112\" srcset=\"https:\/\/migracao.redenoticia.com.br\/noticia\/imagens\/meu_coracao_e_teu_novela_resumo_sbt-150x112.jpg 150w, https:\/\/migracao.redenoticia.com.br\/noticia\/imagens\/meu_coracao_e_teu_novela_resumo_sbt-265x198.jpg 265w\" sizes=\"auto, (max-width: 150px) 100vw, 150px\" \/><strong><em>Novela \u201cMeu Cora\u00e7\u00e3o \u00e9 Teu\u201d resumo 26\/07<\/em><\/strong>: os filhos de Fernando chegam \u00e0 praia, justamente no momento em que Ana estava a ponto de contar a verdade sobre a Chicago. Ana diz \u00e1 Fanny que, ao inv\u00e9s de estar desfrutando o momento, est\u00e1 se sentindo muito culpada. Fernando est\u00e1 com seus filhos, a terminar o planejamento da busca ao tesouro. Mais tarde, Ana come\u00e7a a busca ao tesouro, descobre o pedido de casamento de Fernando e ela aceita. Ana diz a Fanny que seu mundo pode vir abaixo por n\u00e3o dizer a verdade a Fernando, e teme machuc\u00e1-lo. Enquanto isso, Isabela d\u00e1 dinheiro a um garoto para que entregue a Bruno uma carta com um segredo para que Fernando a leia.<\/p>\n<p>No cap\u00edtulo 107(*), novela \u201cMeu Cora\u00e7\u00e3o \u00e9 Teu\u201d, ter\u00e7a-feira, 26 de julho \u2013 os filhos de Fernando chegam \u00e0 praia e interrompem a Ana e ela, justo no momento em que ela estava a ponto de contar a verdade sobre a \u201cChicago\u201d. Fanny diz a Ana que ainda falta uma surpresa e que Nando tomou uma decis\u00e3o. Isabela se zanga ao ver que Yolanda e Ramona sair\u00e3o de casa. Ana diz \u00e1 Fanny que ao inv\u00e9s de estar desfrutando o momento, est\u00e1 se sentindo muito culpada.<\/p>\n<p>Johnny comemora com Jennifer e suas amigas a permiss\u00e3o para o funcionamento da \u201cJohnny\u2019s Pole Dance Worshop\u201d. Leon diz a Margarida que acredita que Fanny deixou de am\u00e1-lo. Fanny conta a Ana que encontrou Henrique em um restaurante. Ana responde que isso tem se tornado muito perigoso. Fernando est\u00e1 com seus filhos, terminando o planejamento da busca ao tesouro. Ramona acompanha Yolanda at\u00e9 o asilo. Ana come\u00e7a a busca ao tesouro, e descobre o pedido de casamento de Fernando. Ela aceita o pedido.<\/p>\n<p>Dorival diz a Isabela que sabe que n\u00e3o a interessa fazer trato com ele, pois ela mesma j\u00e1 descobriu o que queria sobre Ana. Mais tarde, Isabela descobre quando Ana dan\u00e7ar\u00e1 pela \u00faltima vez, e planeja a\u00ed o \u201cgran finale\u201d de sua vingan\u00e7a. Ana diz \u00e1 Fanny que seu mundo pode vir abaixo por n\u00e3o dizer a verdade a Fernando, e teme machuc\u00e1-lo. Isabela d\u00e1 dinheiro a um garoto para que entregue a Bruno uma carta com um segredo para que Fernando a leia.<\/p>\n<p>(*) edi\u00e7\u00e3o do SBT, Novela \u201cMeu Cora\u00e7\u00e3o \u00e9 Teu\u201d, sujeito a altera\u00e7\u00e3o de data e conte\u00fado.<\/p>\n","protected":false},"excerpt":{"rendered":"<p>Novela \u201cMeu Cora\u00e7\u00e3o \u00e9 Teu\u201d resumo 26\/07: os filhos de Fernando chegam \u00e0 praia, justamente no momento em que Ana estava a ponto de contar a verdade sobre a Chicago. Ana diz \u00e1 Fanny que, ao inv\u00e9s de estar desfrutando o momento, est\u00e1 se sentindo muito culpada. Fernando est\u00e1 com seus filhos, a terminar o [&hellip;]<\/p>\n","protected":false},"author":4,"featured_media":82119,"comment_status":"open","ping_status":"closed","sticky":false,"template":"","format":"standard","meta":{"tdm_status":"","tdm_grid_status":"","footnotes":""},"categories":[379,372,343],"tags":[441],"class_list":{"0":"post-91140","1":"post","2":"type-post","3":"status-publish","4":"format-standard","5":"has-post-thumbnail","7":"category-novelas","8":"category-sbt","9":"category-televisao","10":"tag-resumo-do-dia"},"_links":{"self":[{"href":"https:\/\/migracao.redenoticia.com.br\/noticia\/wp-json\/wp\/v2\/posts\/91140","targetHints":{"allow":["GET"]}}],"collection":[{"href":"https:\/\/migracao.redenoticia.com.br\/noticia\/wp-json\/wp\/v2\/posts"}],"about":[{"href":"https:\/\/migracao.redenoticia.com.br\/noticia\/wp-json\/wp\/v2\/types\/post"}],"author":[{"embeddable":true,"href":"https:\/\/migracao.redenoticia.com.br\/noticia\/wp-json\/wp\/v2\/users\/4"}],"replies":[{"embeddable":true,"href":"https:\/\/migracao.redenoticia.com.br\/noticia\/wp-json\/wp\/v2\/comments?post=91140"}],"version-history":[{"count":0,"href":"https:\/\/migracao.redenoticia.com.br\/noticia\/wp-json\/wp\/v2\/posts\/91140\/revisions"}],"wp:featuredmedia":[{"embeddable":true,"href":"https:\/\/migracao.redenoticia.com.br\/noticia\/wp-json\/wp\/v2\/media\/82119"}],"wp:attachment":[{"href":"https:\/\/migracao.redenoticia.com.br\/noticia\/wp-json\/wp\/v2\/media?parent=91140"}],"wp:term":[{"taxonomy":"category","embeddable":true,"href":"https:\/\/migracao.redenoticia.com.br\/noticia\/wp-json\/wp\/v2\/categories?post=91140"},{"taxonomy":"post_tag","embeddable":true,"href":"https:\/\/migracao.redenoticia.com.br\/noticia\/wp-json\/wp\/v2\/tags?post=91140"}],"curies":[{"name":"wp","href":"https:\/\/api.w.org\/{rel}","templated":true}]}}