{"id":91142,"date":"2016-07-25T15:40:54","date_gmt":"2016-07-25T18:40:54","guid":{"rendered":"http:\/\/www.redenoticia.com.br\/noticia\/?p=91142"},"modified":"2016-07-25T17:29:54","modified_gmt":"2016-07-25T20:29:54","slug":"novela-abismo-da-paixao-resumo-2607-damiao-visita-elisa","status":"publish","type":"post","link":"https:\/\/migracao.redenoticia.com.br\/noticia\/2016\/novela-abismo-da-paixao-resumo-2607-damiao-visita-elisa\/91142","title":{"rendered":"Novela \u201cAbismo de Paix\u00e3o\u201d resumo 26\/07: Dami\u00e3o visita Elisa"},"content":{"rendered":"<p><img loading=\"lazy\" decoding=\"async\" class=\"alignleft size-thumbnail wp-image-81978\" src=\"https:\/\/migracao.redenoticia.com.br\/noticia\/imagens\/abismo_de_paixao_sbt_resumo_novela-150x112.jpg\" alt=\"abismo_de_paixao_sbt_resumo_novela\" width=\"150\" height=\"112\" srcset=\"https:\/\/migracao.redenoticia.com.br\/noticia\/imagens\/abismo_de_paixao_sbt_resumo_novela-150x112.jpg 150w, https:\/\/migracao.redenoticia.com.br\/noticia\/imagens\/abismo_de_paixao_sbt_resumo_novela-265x198.jpg 265w\" sizes=\"auto, (max-width: 150px) 100vw, 150px\" \/><strong><em>Novela \u201cAbismo de Paix\u00e3o\u201d resumo 26\/07<\/em><\/strong>:\u00a0Elisa n\u00e3o se conforma com a morte de seu pai. Dolores pede a Br\u00e1ulio que visite Elisa, j\u00e1 que ela est\u00e1 muito mal. Depois, Edmundo examina Elisa e pede que ela descanse, pois pode adoecer. Mais tarde, na fazenda Castanhon, Dami\u00e3o visita Elisa, mas Carmem n\u00e3o quer deix\u00e1-lo passar. Ele entra a for\u00e7a e pede perd\u00e3o a Elisa por n\u00e3o ter estado com ela. Ele promete que n\u00e3o a deixar\u00e1 de novo, pois a ama e quer compartilhar sua vida com ela. Elisa confessa que o viu na cama com Flor\u00eancia. Dami\u00e3o responde que tamb\u00e9m a viu com Gael.<\/p>\n<p>No cap\u00edtulo 087 (*), novela \u201cAbismo de Paix\u00e3o\u201d, ter\u00e7a-feira, 26 de julho \u2013 Padre Lupe pede a Hor\u00e1cio que se arrependa dos pecados que cometeu, j\u00e1 que machucou v\u00e1rias pessoas inocentes. No hospital, Ramiro se apresenta para ver Vicente. Edmundo pede a Br\u00e1ulio que assine um termo de compromisso, j\u00e1 que Antonia doara um rim a Vicente com urg\u00eancia. Na fazenda Arango, Flor\u00eancia diz a Almerinda que viajar\u00e1 para realizar uns exames. Almerinda se alegra, pensando que Flor\u00eancia est\u00e1 gr\u00e1vida. Paulo leva Sabrina para realizar uns exames, e assim confirmar se ela est\u00e1 gr\u00e1vida. No hospital, Br\u00e1ulio pergunta pelo estado de sa\u00fade de sua esposa e de Vicente. Edmundo responde que a opera\u00e7\u00e3o foi um sucesso e que ambos est\u00e3o bem.<\/p>\n<p>Dolores pede a Br\u00e1ulio que quando for poss\u00edvel, visite Elisa, j\u00e1 que ela est\u00e1 muito mal. Edmundo examina Elisa e pede que ela descanse, pois pode adoecer. Padre Lupe visita Lucio para saber o resultado da autopsia de Augusto. Na processadora Arango, Br\u00e1ulio diz a Ramiro que Vicente saiu bem da opera\u00e7\u00e3o. Na fazenda Castanhon, Dami\u00e3o visita Elisa, mas Carmem n\u00e3o quer deix\u00e1-lo passar. Ele entra a for\u00e7a e pede perd\u00e3o a Elisa por n\u00e3o ter estado com ela. Ele promete que n\u00e3o a deixar\u00e1 de novo, pois a ama.<\/p>\n<p>Na fazenda Castanhon, Dami\u00e3o diz a Elisa que a ama de verdade, e quer compartilhar sua vida com ela. Elisa confessa que o viu na cama com Flor\u00eancia. Dami\u00e3o responde que tamb\u00e9m a viu com Gael. Edmundo diz a Almerinda que sabe que ela disse algo a Augusto, e por isso ele se matou. Padre Lupe diz a Ramona que ela n\u00e3o precisa se preocupar, pois n\u00e3o tem nada a ver com a morte de Augusto. Ramona responde que tem sim a culpa porque abriu a boca pra quem n\u00e3o devia.<\/p>\n<p>(*) edi\u00e7\u00e3o do SBT, Novela \u201cAbismo de Paix\u00e3o\u201d, sujeito a altera\u00e7\u00e3o de data e conte\u00fado.<\/p>\n","protected":false},"excerpt":{"rendered":"<p>Novela \u201cAbismo de Paix\u00e3o\u201d resumo 26\/07:\u00a0Elisa n\u00e3o se conforma com a morte de seu pai. Dolores pede a Br\u00e1ulio que visite Elisa, j\u00e1 que ela est\u00e1 muito mal. Depois, Edmundo examina Elisa e pede que ela descanse, pois pode adoecer. Mais tarde, na fazenda Castanhon, Dami\u00e3o visita Elisa, mas Carmem n\u00e3o quer deix\u00e1-lo passar. Ele [&hellip;]<\/p>\n","protected":false},"author":4,"featured_media":81978,"comment_status":"open","ping_status":"closed","sticky":false,"template":"","format":"standard","meta":{"tdm_status":"","tdm_grid_status":"","footnotes":""},"categories":[379,372,343],"tags":[441],"class_list":{"0":"post-91142","1":"post","2":"type-post","3":"status-publish","4":"format-standard","5":"has-post-thumbnail","7":"category-novelas","8":"category-sbt","9":"category-televisao","10":"tag-resumo-do-dia"},"_links":{"self":[{"href":"https:\/\/migracao.redenoticia.com.br\/noticia\/wp-json\/wp\/v2\/posts\/91142","targetHints":{"allow":["GET"]}}],"collection":[{"href":"https:\/\/migracao.redenoticia.com.br\/noticia\/wp-json\/wp\/v2\/posts"}],"about":[{"href":"https:\/\/migracao.redenoticia.com.br\/noticia\/wp-json\/wp\/v2\/types\/post"}],"author":[{"embeddable":true,"href":"https:\/\/migracao.redenoticia.com.br\/noticia\/wp-json\/wp\/v2\/users\/4"}],"replies":[{"embeddable":true,"href":"https:\/\/migracao.redenoticia.com.br\/noticia\/wp-json\/wp\/v2\/comments?post=91142"}],"version-history":[{"count":0,"href":"https:\/\/migracao.redenoticia.com.br\/noticia\/wp-json\/wp\/v2\/posts\/91142\/revisions"}],"wp:featuredmedia":[{"embeddable":true,"href":"https:\/\/migracao.redenoticia.com.br\/noticia\/wp-json\/wp\/v2\/media\/81978"}],"wp:attachment":[{"href":"https:\/\/migracao.redenoticia.com.br\/noticia\/wp-json\/wp\/v2\/media?parent=91142"}],"wp:term":[{"taxonomy":"category","embeddable":true,"href":"https:\/\/migracao.redenoticia.com.br\/noticia\/wp-json\/wp\/v2\/categories?post=91142"},{"taxonomy":"post_tag","embeddable":true,"href":"https:\/\/migracao.redenoticia.com.br\/noticia\/wp-json\/wp\/v2\/tags?post=91142"}],"curies":[{"name":"wp","href":"https:\/\/api.w.org\/{rel}","templated":true}]}}