{"id":91167,"date":"2016-07-25T18:30:38","date_gmt":"2016-07-25T21:30:38","guid":{"rendered":"http:\/\/www.redenoticia.com.br\/noticia\/?p=91167"},"modified":"2016-07-25T17:37:28","modified_gmt":"2016-07-25T20:37:28","slug":"novela-eta-mundo-bom-resumo-2607-araujo-conversa-olga","status":"publish","type":"post","link":"https:\/\/migracao.redenoticia.com.br\/noticia\/2016\/novela-eta-mundo-bom-resumo-2607-araujo-conversa-olga\/91167","title":{"rendered":"Novela \u201cEta Mundo Bom\u201d resumo 26\/07: Ara\u00fajo decide testemunhar em favor de Anast\u00e1cia"},"content":{"rendered":"<p><img loading=\"lazy\" decoding=\"async\" class=\"alignleft size-thumbnail wp-image-82131\" src=\"https:\/\/migracao.redenoticia.com.br\/noticia\/imagens\/eta_mundo_bom_globo_novela_resumo-150x112.jpg\" alt=\"eta_mundo_bom_globo_novela_resumo\" width=\"150\" height=\"112\" srcset=\"https:\/\/migracao.redenoticia.com.br\/noticia\/imagens\/eta_mundo_bom_globo_novela_resumo-150x112.jpg 150w, https:\/\/migracao.redenoticia.com.br\/noticia\/imagens\/eta_mundo_bom_globo_novela_resumo-265x198.jpg 265w\" sizes=\"auto, (max-width: 150px) 100vw, 150px\" \/><strong><em>Novela \u201cEta Mundo Bom\u201d resumo 26\/07<\/em><\/strong>: depois de convencer\u00a0Anast\u00e1cia de que \u00e9 poss\u00edvel recuperar toda a fortuna roubada por\u00a0Sandra, Ara\u00fajo d\u00e1 um passo para tr\u00e1s diante de todos. Isso acontece quando o novo advogado de Anast\u00e1cia diz que Sandra deve contratar um perito para contestar o perito judicial e, assim, encontrar evid\u00eancias que \u00e9 a assinatura correta que est\u00e1 nos documentos. O advogado ainda garante que s\u00f3 o depoimento de Ara\u00fajo pode garantir que o processo seja revertido em favor de Anast\u00e1cia. Mas, Ara\u00fajo recua, pois se ele disser em ju\u00edzo que foi c\u00famplice, tamb\u00e9m vai ser acusado e ser preso. Depois, Ara\u00fajo conversa Olga e esta sugere que ele volte a ser um homem honesto como exemplo para Cl\u00e1udio. Ent\u00e3o, o advogado anuncia que vai testemunhar em favor de Anast\u00e1cia.<\/p>\n<p>No cap\u00edtulo 164 (*), novela \u201cEta Mundo Bom\u201d, ter\u00e7a-feira, 26 de julho \u2013 Ara\u00fajo teme ser preso caso testemunhe contra Sandra. Filomena pede que Cunegundes n\u00e3o interfira na vida amorosa de Mafalda.<\/p>\n<p>Candinho aconselha Z\u00e9 dos Porcos a lutar por Mafalda. Maria acredita que Severo e Diana est\u00e3o se apaixonando um pelo outro. Ilde se muda para o apartamento de Braz.<\/p>\n<p>Olga sugere que Ara\u00fajo volte a ser um homem honesto como exemplo para Cl\u00e1udio. Candinho retorna \u00e0 cidade. Ara\u00fajo anuncia que testemunhar\u00e1 em favor de Anast\u00e1cia.<\/p>\n<p>(*) edi\u00e7\u00e3o da Rede Globo, Novela \u201cEta Mundo Bom\u201d, sujeito a altera\u00e7\u00e3o de data e conte\u00fado.<\/p>\n","protected":false},"excerpt":{"rendered":"<p>Novela \u201cEta Mundo Bom\u201d resumo 26\/07: depois de convencer\u00a0Anast\u00e1cia de que \u00e9 poss\u00edvel recuperar toda a fortuna roubada por\u00a0Sandra, Ara\u00fajo d\u00e1 um passo para tr\u00e1s diante de todos. Isso acontece quando o novo advogado de Anast\u00e1cia diz que Sandra deve contratar um perito para contestar o perito judicial e, assim, encontrar evid\u00eancias que \u00e9 a [&hellip;]<\/p>\n","protected":false},"author":4,"featured_media":82131,"comment_status":"open","ping_status":"closed","sticky":false,"template":"","format":"standard","meta":{"tdm_status":"","tdm_grid_status":"","footnotes":""},"categories":[379,375,343],"tags":[441],"class_list":{"0":"post-91167","1":"post","2":"type-post","3":"status-publish","4":"format-standard","5":"has-post-thumbnail","7":"category-novelas","8":"category-rede-globo","9":"category-televisao","10":"tag-resumo-do-dia"},"_links":{"self":[{"href":"https:\/\/migracao.redenoticia.com.br\/noticia\/wp-json\/wp\/v2\/posts\/91167","targetHints":{"allow":["GET"]}}],"collection":[{"href":"https:\/\/migracao.redenoticia.com.br\/noticia\/wp-json\/wp\/v2\/posts"}],"about":[{"href":"https:\/\/migracao.redenoticia.com.br\/noticia\/wp-json\/wp\/v2\/types\/post"}],"author":[{"embeddable":true,"href":"https:\/\/migracao.redenoticia.com.br\/noticia\/wp-json\/wp\/v2\/users\/4"}],"replies":[{"embeddable":true,"href":"https:\/\/migracao.redenoticia.com.br\/noticia\/wp-json\/wp\/v2\/comments?post=91167"}],"version-history":[{"count":0,"href":"https:\/\/migracao.redenoticia.com.br\/noticia\/wp-json\/wp\/v2\/posts\/91167\/revisions"}],"wp:featuredmedia":[{"embeddable":true,"href":"https:\/\/migracao.redenoticia.com.br\/noticia\/wp-json\/wp\/v2\/media\/82131"}],"wp:attachment":[{"href":"https:\/\/migracao.redenoticia.com.br\/noticia\/wp-json\/wp\/v2\/media?parent=91167"}],"wp:term":[{"taxonomy":"category","embeddable":true,"href":"https:\/\/migracao.redenoticia.com.br\/noticia\/wp-json\/wp\/v2\/categories?post=91167"},{"taxonomy":"post_tag","embeddable":true,"href":"https:\/\/migracao.redenoticia.com.br\/noticia\/wp-json\/wp\/v2\/tags?post=91167"}],"curies":[{"name":"wp","href":"https:\/\/api.w.org\/{rel}","templated":true}]}}