{"id":91171,"date":"2016-07-25T18:00:47","date_gmt":"2016-07-25T21:00:47","guid":{"rendered":"http:\/\/www.redenoticia.com.br\/noticia\/?p=91171"},"modified":"2016-07-25T18:08:50","modified_gmt":"2016-07-25T21:08:50","slug":"novela-malhacao-resumo-2607-a-policia-invade-o-sitio-de-samurai","status":"publish","type":"post","link":"https:\/\/migracao.redenoticia.com.br\/noticia\/2016\/novela-malhacao-resumo-2607-a-policia-invade-o-sitio-de-samurai\/91171","title":{"rendered":"Novela \u201cMalha\u00e7\u00e3o\u201d resumo 26\/07: a pol\u00edcia invade o s\u00edtio de Samurai"},"content":{"rendered":"<p><img loading=\"lazy\" decoding=\"async\" class=\"alignleft size-thumbnail wp-image-72511\" src=\"https:\/\/migracao.redenoticia.com.br\/noticia\/imagens\/malhacao_seu_lugar_no_mundo-150x112.jpg\" alt=\"malhacao_seu_lugar_no_mundo\" width=\"150\" height=\"112\" srcset=\"https:\/\/migracao.redenoticia.com.br\/noticia\/imagens\/malhacao_seu_lugar_no_mundo-150x112.jpg 150w, https:\/\/migracao.redenoticia.com.br\/noticia\/imagens\/malhacao_seu_lugar_no_mundo-265x198.jpg 265w\" sizes=\"auto, (max-width: 150px) 100vw, 150px\" \/><strong><em>Novela \u201cMalha\u00e7\u00e3o\u201d resumo 26\/07 <\/em><\/strong>:\u00a0Filipe se d\u00e1 conta de que esqueceu a carteira no s\u00edtio de\u00a0Samurai e decide ir at\u00e9 o local.\u00a0 Ao chegar, ele vasculha o local e encontra sua carteira. Mas, na hora que est\u00e1 a sair, escuta um barulho e estranha. Aos gritos, Ci\u00e7a pede para tir\u00e1-la do cativeiro. Lipe arromba o local e liberta a mo\u00e7a, que implora para que a tire dali. Eles percebem a chegada do carro de Samurai e se desesperam. Ci\u00e7a, em p\u00e2nico, pede para ele fugir e chamar a pol\u00edcia. S\u00f3 que Samurai o v\u00ea e vai atr\u00e1s de Felipe. J\u00e1 na estrada, Lipe percebe que est\u00e1 a ser perseguido pelo vil\u00e3o. Ele faz o que pode para escapar, mas Samurai o alcan\u00e7a e empurra sua moto. Filipe cai, desacordado. Ci\u00e7a consegue fugir e liga para Rodrigo, mas Samurai a apreende novamente. Luciana e Rodrigo v\u00e3o \u00e0 delegacia. A pol\u00edcia invade o s\u00edtio de Samurai, enquanto Nanda se desespera ao chegar ao hospital em busca de not\u00edcias sobre Filipe.<\/p>\n<p>No cap\u00edtulo 245(*), novela \u201cMalha\u00e7\u00e3o\u201d, ter\u00e7a-feira, 26 de julho \u2013 Samurai provoca um acidente contra Filipe. Ci\u00e7a consegue fugir e liga para Rodrigo, mas Samurai a apreende novamente.<\/p>\n<p>Luciana e Rodrigo v\u00e3o \u00e0 delegacia. Pedro revela a Tito que n\u00e3o pode entregar Samurai por causa de Ilza. Glauco se preocupa com o futuro de Krica, Cleiton e os beb\u00eas. Beto impede que Roger furte o celular de J\u00e9ssica. Fl\u00e1via cuida de Roger.<\/p>\n<p>Luciana e Rodrigo confrontam Pedro sobre o trabalho para Samurai. Nanda se desespera ao chegar ao hospital em busca de not\u00edcias sobre Filipe. A pol\u00edcia invade o s\u00edtio de Samurai.<\/p>\n<p>(*) edi\u00e7\u00e3o da Rede Globo, Novela \u201cMalha\u00e7\u00e3o\u201d, sujeito a altera\u00e7\u00e3o de data e conte\u00fado.<\/p>\n","protected":false},"excerpt":{"rendered":"<p>Novela \u201cMalha\u00e7\u00e3o\u201d resumo 26\/07 :\u00a0Filipe se d\u00e1 conta de que esqueceu a carteira no s\u00edtio de\u00a0Samurai e decide ir at\u00e9 o local.\u00a0 Ao chegar, ele vasculha o local e encontra sua carteira. Mas, na hora que est\u00e1 a sair, escuta um barulho e estranha. Aos gritos, Ci\u00e7a pede para tir\u00e1-la do cativeiro. Lipe arromba o [&hellip;]<\/p>\n","protected":false},"author":4,"featured_media":72511,"comment_status":"open","ping_status":"closed","sticky":false,"template":"","format":"standard","meta":{"tdm_status":"","tdm_grid_status":"","footnotes":""},"categories":[379,375,343],"tags":[441],"class_list":{"0":"post-91171","1":"post","2":"type-post","3":"status-publish","4":"format-standard","5":"has-post-thumbnail","7":"category-novelas","8":"category-rede-globo","9":"category-televisao","10":"tag-resumo-do-dia"},"_links":{"self":[{"href":"https:\/\/migracao.redenoticia.com.br\/noticia\/wp-json\/wp\/v2\/posts\/91171","targetHints":{"allow":["GET"]}}],"collection":[{"href":"https:\/\/migracao.redenoticia.com.br\/noticia\/wp-json\/wp\/v2\/posts"}],"about":[{"href":"https:\/\/migracao.redenoticia.com.br\/noticia\/wp-json\/wp\/v2\/types\/post"}],"author":[{"embeddable":true,"href":"https:\/\/migracao.redenoticia.com.br\/noticia\/wp-json\/wp\/v2\/users\/4"}],"replies":[{"embeddable":true,"href":"https:\/\/migracao.redenoticia.com.br\/noticia\/wp-json\/wp\/v2\/comments?post=91171"}],"version-history":[{"count":0,"href":"https:\/\/migracao.redenoticia.com.br\/noticia\/wp-json\/wp\/v2\/posts\/91171\/revisions"}],"wp:featuredmedia":[{"embeddable":true,"href":"https:\/\/migracao.redenoticia.com.br\/noticia\/wp-json\/wp\/v2\/media\/72511"}],"wp:attachment":[{"href":"https:\/\/migracao.redenoticia.com.br\/noticia\/wp-json\/wp\/v2\/media?parent=91171"}],"wp:term":[{"taxonomy":"category","embeddable":true,"href":"https:\/\/migracao.redenoticia.com.br\/noticia\/wp-json\/wp\/v2\/categories?post=91171"},{"taxonomy":"post_tag","embeddable":true,"href":"https:\/\/migracao.redenoticia.com.br\/noticia\/wp-json\/wp\/v2\/tags?post=91171"}],"curies":[{"name":"wp","href":"https:\/\/api.w.org\/{rel}","templated":true}]}}