{"id":91174,"date":"2016-07-25T17:30:49","date_gmt":"2016-07-25T20:30:49","guid":{"rendered":"http:\/\/www.redenoticia.com.br\/noticia\/?p=91174"},"modified":"2016-07-25T17:42:03","modified_gmt":"2016-07-25T20:42:03","slug":"novela-anjo-mau-resumo-2607-rodrigo-comunica-que-voltou-a-namorar-paula","status":"publish","type":"post","link":"https:\/\/migracao.redenoticia.com.br\/noticia\/2016\/novela-anjo-mau-resumo-2607-rodrigo-comunica-que-voltou-a-namorar-paula\/91174","title":{"rendered":"Novela \u201cAnjo Mau\u201d resumo 26\/07: Rodrigo comunica que voltou a namorar Paula"},"content":{"rendered":"<p><img loading=\"lazy\" decoding=\"async\" class=\"alignleft size-thumbnail wp-image-83094\" src=\"https:\/\/migracao.redenoticia.com.br\/noticia\/imagens\/anjo_mau_novela_resumo-150x112.jpg\" alt=\"anjo_mau_novela_resumo\" width=\"150\" height=\"112\" srcset=\"https:\/\/migracao.redenoticia.com.br\/noticia\/imagens\/anjo_mau_novela_resumo-150x112.jpg 150w, https:\/\/migracao.redenoticia.com.br\/noticia\/imagens\/anjo_mau_novela_resumo-265x198.jpg 265w\" sizes=\"auto, (max-width: 150px) 100vw, 150px\" \/><strong><em>Novela \u201cAnjo Mau\u201d resumo 26\/07<\/em><\/strong>:\u00a0ao perceber que Teresa acordou, Rui desliga o aparelho de oxig\u00eanio. Mas, Bruno chega e chama o m\u00e9dico, que salva a vida dela.\u00a0Bruno acusa Rui de querer matar a m\u00e3e. Mais tarde, Rui volta ao quarto e amea\u00e7a Teresa. Ela acorda e diz que n\u00e3o reconhece ningu\u00e9m. Bruno percebe e manda a m\u00e3e continuar a fingir que est\u00e1 com amn\u00e9sia. J\u00e1 na delegacia, Ricardo dep\u00f5e e \u00e9 solto para aguardar o julgamento em liberdade. Mais tarde, ele convida Nice para o jantar. Ao ver Nice, Rodrigo comunica que voltou a namorar Paula.<\/p>\n<p>No cap\u00edtulo 087(*), novela \u201cAnjo Mau\u201d, ter\u00e7a-feira, 26 de julho \u2013 Bruno manda Teresa continuar fingindo que est\u00e1 com amn\u00e9sia. Ricardo dep\u00f5e e \u00e9 solto para aguardar o julgamento em liberdade.<\/p>\n<p>Nice conversa por telefone com sua amiga misteriosa de Paris e conta que est\u00e1 gr\u00e1vida. Nice pede a Vivian que retire a queixa que registrou na delegacia contra Ricardo, mas ela n\u00e3o atende ao pedido.<\/p>\n<p>Ricardo convida Nice para o jantar. Ao ver Nice, Rodrigo comunica que voltou a namorar Paula.<\/p>\n<p>(*) edi\u00e7\u00e3o da Rede Globo, Novela \u201cAnjo Mau\u201d, sujeito a altera\u00e7\u00e3o de data e conte\u00fado.<\/p>\n","protected":false},"excerpt":{"rendered":"<p>Novela \u201cAnjo Mau\u201d resumo 26\/07:\u00a0ao perceber que Teresa acordou, Rui desliga o aparelho de oxig\u00eanio. Mas, Bruno chega e chama o m\u00e9dico, que salva a vida dela.\u00a0Bruno acusa Rui de querer matar a m\u00e3e. Mais tarde, Rui volta ao quarto e amea\u00e7a Teresa. Ela acorda e diz que n\u00e3o reconhece ningu\u00e9m. Bruno percebe e manda [&hellip;]<\/p>\n","protected":false},"author":4,"featured_media":83094,"comment_status":"open","ping_status":"closed","sticky":false,"template":"","format":"standard","meta":{"tdm_status":"","tdm_grid_status":"","footnotes":""},"categories":[379,375,343],"tags":[441],"class_list":{"0":"post-91174","1":"post","2":"type-post","3":"status-publish","4":"format-standard","5":"has-post-thumbnail","7":"category-novelas","8":"category-rede-globo","9":"category-televisao","10":"tag-resumo-do-dia"},"_links":{"self":[{"href":"https:\/\/migracao.redenoticia.com.br\/noticia\/wp-json\/wp\/v2\/posts\/91174","targetHints":{"allow":["GET"]}}],"collection":[{"href":"https:\/\/migracao.redenoticia.com.br\/noticia\/wp-json\/wp\/v2\/posts"}],"about":[{"href":"https:\/\/migracao.redenoticia.com.br\/noticia\/wp-json\/wp\/v2\/types\/post"}],"author":[{"embeddable":true,"href":"https:\/\/migracao.redenoticia.com.br\/noticia\/wp-json\/wp\/v2\/users\/4"}],"replies":[{"embeddable":true,"href":"https:\/\/migracao.redenoticia.com.br\/noticia\/wp-json\/wp\/v2\/comments?post=91174"}],"version-history":[{"count":0,"href":"https:\/\/migracao.redenoticia.com.br\/noticia\/wp-json\/wp\/v2\/posts\/91174\/revisions"}],"wp:featuredmedia":[{"embeddable":true,"href":"https:\/\/migracao.redenoticia.com.br\/noticia\/wp-json\/wp\/v2\/media\/83094"}],"wp:attachment":[{"href":"https:\/\/migracao.redenoticia.com.br\/noticia\/wp-json\/wp\/v2\/media?parent=91174"}],"wp:term":[{"taxonomy":"category","embeddable":true,"href":"https:\/\/migracao.redenoticia.com.br\/noticia\/wp-json\/wp\/v2\/categories?post=91174"},{"taxonomy":"post_tag","embeddable":true,"href":"https:\/\/migracao.redenoticia.com.br\/noticia\/wp-json\/wp\/v2\/tags?post=91174"}],"curies":[{"name":"wp","href":"https:\/\/api.w.org\/{rel}","templated":true}]}}