{"id":9124,"date":"2009-08-19T12:40:42","date_gmt":"2009-08-19T16:40:42","guid":{"rendered":"http:\/\/www.redenoticia.com.br\/noticia\/?p=9124"},"modified":"2009-08-19T12:40:42","modified_gmt":"2009-08-19T16:40:42","slug":"22-mil-pessoas-ja-se-inscreveram-para-o-pss-2010-da-universidade-federal-do-para","status":"publish","type":"post","link":"https:\/\/migracao.redenoticia.com.br\/noticia\/2009\/22-mil-pessoas-ja-se-inscreveram-para-o-pss-2010-da-universidade-federal-do-para\/9124","title":{"rendered":"22 mil pessoas j\u00e1 se inscreveram para o PSS 2010 da Universidade Federal do Par\u00e1"},"content":{"rendered":"<p>Quem deseja ingressar na UFPA em 2010 tem at\u00e9 o dia 30 de agosto para realizar sua inscri\u00e7\u00e3o.\u00a0At\u00e9 o dia 13 de agosto, 22.073 pessoas j\u00e1 indicaram sua participa\u00e7\u00e3o no concurso, o equivalente a cerca de 40% (quarenta por cento) do n\u00famero esperado.<\/p>\n<p>A capital \u00e9 o destino de 76% dos estudantes que j\u00e1 se inscreveram. Est\u00e3o se candidatando aos cursos ofertados em Bel\u00e9m 16.935 pessoas.\u00a0\u00a0Nos campi do interior, j\u00e1 est\u00e3o inscritos 5.138 candidatos sendo que Santar\u00e9m, Marab\u00e1, Castanhal, Bragan\u00e7a e Abaetetuba s\u00e3o os\u00a0<em>campi<\/em> mais procurados com 1.157, 882, 681, 604 e 426 inscritos, respectivamente.<\/p>\n<p>O PSS 2010 oferta 6.082 vagas por meio de 131 diferentes cursos de gradua\u00e7\u00e3o. S\u00e3o 790 vagas a mais que no PSS 2009. A rela\u00e7\u00e3o entre as vagas destinadas \u00e0 capital e ao interior tamb\u00e9m est\u00e1 mais pr\u00f3xima este ano. Bel\u00e9m espera 3.476 (57,15% dos) calouros em 2010. J\u00e1 os\u00a0<em>campi<\/em> do interior aguardam 2.606 (42,85% dos) novos universit\u00e1rios. Entre as novidades do PSS 2010, est\u00e1 a cria\u00e7\u00e3o de 26 novos cursos de gradua\u00e7\u00e3o e a cria\u00e7\u00e3o de duas vagas especiais em cada curso, destinadas, especificamente, para candidatos ind\u00edgenas que ser\u00e3o selecionados por crit\u00e9rios espec\u00edficos.<\/p>\n<p><strong> <\/strong><\/p>\n<p><strong>Isen\u00e7\u00e3o &#8211;<\/strong> Para obter a isen\u00e7\u00e3o das taxas, os estudantes devem estar inscritos no Cadastro \u00danico para Programas Sociais do Governo Federal (Cad\u00danico) ou ser membro de fam\u00edlia de baixa renda, nos termos do Decreto n. 6.135, ou seja, pessoas cuja renda familiar mensal, por membro da fam\u00edlia, seja de at\u00e9 meio sal\u00e1rio m\u00ednimo ou cuja renda familiar total, por m\u00eas, seja de at\u00e9 tr\u00eas sal\u00e1rios m\u00ednimos. Dados do IBGE revelam que, aproximadamente, 60,7% das fam\u00edlias t\u00eam essa faixa de renda na Regi\u00e3o Norte.<\/p>\n<p>A lista com o resultado final dos isentos ser\u00e1 publicada no dia 31 de agosto de 2009. O candidato que pleitear a isen\u00e7\u00e3o de pagamento da taxa e n\u00e3o obtiver a concess\u00e3o do benef\u00edcio, se desejar participar do PSS 2010, dever\u00e1 efetuar o pagamento do boleto referente \u00e0 da taxa de inscri\u00e7\u00e3o ou de renova\u00e7\u00e3o de inscri\u00e7\u00e3o.<\/p>\n","protected":false},"excerpt":{"rendered":"<p>Quem deseja ingressar na UFPA em 2010 tem at\u00e9 o dia 30 de agosto para realizar sua inscri\u00e7\u00e3o.\u00a0At\u00e9 o dia 13 de agosto, 22.073 pessoas j\u00e1 indicaram sua participa\u00e7\u00e3o no concurso, o equivalente a cerca de 40% (quarenta por cento) do n\u00famero esperado. A capital \u00e9 o destino de 76% dos estudantes que j\u00e1 se [&hellip;]<\/p>\n","protected":false},"author":2,"featured_media":0,"comment_status":"open","ping_status":"open","sticky":false,"template":"","format":"standard","meta":{"tdm_status":"","tdm_grid_status":"","footnotes":""},"categories":[22],"tags":[],"class_list":{"0":"post-9124","1":"post","2":"type-post","3":"status-publish","4":"format-standard","6":"category-brasil"},"_links":{"self":[{"href":"https:\/\/migracao.redenoticia.com.br\/noticia\/wp-json\/wp\/v2\/posts\/9124","targetHints":{"allow":["GET"]}}],"collection":[{"href":"https:\/\/migracao.redenoticia.com.br\/noticia\/wp-json\/wp\/v2\/posts"}],"about":[{"href":"https:\/\/migracao.redenoticia.com.br\/noticia\/wp-json\/wp\/v2\/types\/post"}],"author":[{"embeddable":true,"href":"https:\/\/migracao.redenoticia.com.br\/noticia\/wp-json\/wp\/v2\/users\/2"}],"replies":[{"embeddable":true,"href":"https:\/\/migracao.redenoticia.com.br\/noticia\/wp-json\/wp\/v2\/comments?post=9124"}],"version-history":[{"count":0,"href":"https:\/\/migracao.redenoticia.com.br\/noticia\/wp-json\/wp\/v2\/posts\/9124\/revisions"}],"wp:attachment":[{"href":"https:\/\/migracao.redenoticia.com.br\/noticia\/wp-json\/wp\/v2\/media?parent=9124"}],"wp:term":[{"taxonomy":"category","embeddable":true,"href":"https:\/\/migracao.redenoticia.com.br\/noticia\/wp-json\/wp\/v2\/categories?post=9124"},{"taxonomy":"post_tag","embeddable":true,"href":"https:\/\/migracao.redenoticia.com.br\/noticia\/wp-json\/wp\/v2\/tags?post=9124"}],"curies":[{"name":"wp","href":"https:\/\/api.w.org\/{rel}","templated":true}]}}