{"id":9126,"date":"2009-08-19T12:42:19","date_gmt":"2009-08-19T16:42:19","guid":{"rendered":"http:\/\/www.redenoticia.com.br\/noticia\/?p=9126"},"modified":"2009-08-19T12:42:19","modified_gmt":"2009-08-19T16:42:19","slug":"mpfro-discute-com-o-presidente-da-funai-a-situacao-do-povo-indigena-cinta-larga","status":"publish","type":"post","link":"https:\/\/migracao.redenoticia.com.br\/noticia\/2009\/mpfro-discute-com-o-presidente-da-funai-a-situacao-do-povo-indigena-cinta-larga\/9126","title":{"rendered":"MPF\/RO discute com o presidente da Funai a situa\u00e7\u00e3o do povo ind\u00edgena Cinta Larga"},"content":{"rendered":"<p>O Minist\u00e9rio P\u00fablico Federal em Rond\u00f4nia (MPF\/RO) se reuniu na \u00faltima segunda-feira, 17, em Bras\u00edlia (DF), com o presidente e os diretores da Funda\u00e7\u00e3o Nacional do \u00cdndio (Funai) para tratar dos problemas mais relevantes que t\u00eam afetado o povo ind\u00edgena Cinta Larga. Na reuni\u00e3o foram discutidos os projetos de alternativas econ\u00f4micas, relacionamento com a Pol\u00edcia Federal, assist\u00eancia jur\u00eddica, d\u00edvidas das associa\u00e7\u00f5es e dos \u00edndios, estudos de potencial energ\u00e9tico dos rios existentes no territ\u00f3rio tradicional, dentre outros assuntos.<\/p>\n<p>Como resultado da reuni\u00e3o, o MPF e a Funai promover\u00e3o encontro com a Advocacia-Geral da Uni\u00e3o (AGU) e Procuradoria-Geral Federal para tentar garantir a perman\u00eancia de um procurador da Funai na regi\u00e3o de Cacoal (RO) que possa prestar assist\u00eancia jur\u00eddica integral aos \u00edndios.<\/p>\n<p>Tamb\u00e9m foi definida a realiza\u00e7\u00e3o de reuni\u00e3o com o Minist\u00e9rio das Minas e Energia e o Departamento Nacional de Produ\u00e7\u00e3o Mineral (DNPM) a fim de discutir o destino dos min\u00e9rios apreendidos pela Pol\u00edcia Federal. Em rela\u00e7\u00e3o aos projetos de etno-desenvolvimento para o Povo Cinta Larga, o presidente da Funai, M\u00e1rcio Meira, noticiou a contrata\u00e7\u00e3o de equipe t\u00e9cnica que ficar\u00e1 respons\u00e1vel por apresentar propostas de a\u00e7\u00f5es de curto, m\u00e9dio e longo prazo para a comunidade. Essa equipe, bem como a nova sistem\u00e1tica de trabalho ser\u00e3o apresentadas aos \u00edndios em encontro que deve ocorrer no m\u00eas setembro.<\/p>\n<p>Para o procurador da Rep\u00fablica Reginaldo Pereira da Trindade, representante do MPF na reuni\u00e3o, o evento foi muito importante para debater com a Funai os problemas do povo Cinta Larga e, principalmente, discutir novos rumos para as a\u00e7\u00f5es que precisam ser urgentemente adotadas.<\/p>\n<p><strong>Comiss\u00e3o Nacional de Pol\u00edtica Indigenista<\/strong><\/p>\n<p>Na reuni\u00e3o, o presidente da Funai noticiou ao procurador da Rep\u00fablica Reginaldo Trindade que a quest\u00e3o Cinta Larga ser\u00e1 debatida na pr\u00f3xima reuni\u00e3o da Comiss\u00e3o Nacional de Pol\u00edtica Indigenista (CNPI), prevista para setembro, em Rio Branco (AC). A inclus\u00e3o foi feita a pedido do MPF e intermediada pela lideran\u00e7a Almir Suru\u00ed, representante ind\u00edgena de Rond\u00f4nia na Comiss\u00e3o.<\/p>\n<p>O procurador considera que \u201cesse \u00e9 mais um grande passo na defesa do povo Cinta Larga, justamente porque os mais variados problemas poder\u00e3o ser discutidos num foro que goza de grande legitimidade e, principalmente, congrega representantes de diversas \u00e1reas do Governo Federal, permitindo, por conseguinte, que a situa\u00e7\u00e3o dos \u00edndios seja levada ao conhecimento simult\u00e2neo de diferentes \u00f3rg\u00e3os federais\u201d.<\/p>\n","protected":false},"excerpt":{"rendered":"<p>O Minist\u00e9rio P\u00fablico Federal em Rond\u00f4nia (MPF\/RO) se reuniu na \u00faltima segunda-feira, 17, em Bras\u00edlia (DF), com o presidente e os diretores da Funda\u00e7\u00e3o Nacional do \u00cdndio (Funai) para tratar dos problemas mais relevantes que t\u00eam afetado o povo ind\u00edgena Cinta Larga. Na reuni\u00e3o foram discutidos os projetos de alternativas econ\u00f4micas, relacionamento com a Pol\u00edcia [&hellip;]<\/p>\n","protected":false},"author":2,"featured_media":0,"comment_status":"open","ping_status":"open","sticky":false,"template":"","format":"standard","meta":{"tdm_status":"","tdm_grid_status":"","footnotes":""},"categories":[22],"tags":[],"class_list":{"0":"post-9126","1":"post","2":"type-post","3":"status-publish","4":"format-standard","6":"category-brasil"},"_links":{"self":[{"href":"https:\/\/migracao.redenoticia.com.br\/noticia\/wp-json\/wp\/v2\/posts\/9126","targetHints":{"allow":["GET"]}}],"collection":[{"href":"https:\/\/migracao.redenoticia.com.br\/noticia\/wp-json\/wp\/v2\/posts"}],"about":[{"href":"https:\/\/migracao.redenoticia.com.br\/noticia\/wp-json\/wp\/v2\/types\/post"}],"author":[{"embeddable":true,"href":"https:\/\/migracao.redenoticia.com.br\/noticia\/wp-json\/wp\/v2\/users\/2"}],"replies":[{"embeddable":true,"href":"https:\/\/migracao.redenoticia.com.br\/noticia\/wp-json\/wp\/v2\/comments?post=9126"}],"version-history":[{"count":0,"href":"https:\/\/migracao.redenoticia.com.br\/noticia\/wp-json\/wp\/v2\/posts\/9126\/revisions"}],"wp:attachment":[{"href":"https:\/\/migracao.redenoticia.com.br\/noticia\/wp-json\/wp\/v2\/media?parent=9126"}],"wp:term":[{"taxonomy":"category","embeddable":true,"href":"https:\/\/migracao.redenoticia.com.br\/noticia\/wp-json\/wp\/v2\/categories?post=9126"},{"taxonomy":"post_tag","embeddable":true,"href":"https:\/\/migracao.redenoticia.com.br\/noticia\/wp-json\/wp\/v2\/tags?post=9126"}],"curies":[{"name":"wp","href":"https:\/\/api.w.org\/{rel}","templated":true}]}}