{"id":9128,"date":"2009-08-19T12:43:53","date_gmt":"2009-08-19T16:43:53","guid":{"rendered":"http:\/\/www.redenoticia.com.br\/noticia\/?p=9128"},"modified":"2009-08-19T12:43:53","modified_gmt":"2009-08-19T16:43:53","slug":"ministerio-da-saude-avisa-segunda-etapa-da-vacinacao-contra-polio-sera-em-setembro","status":"publish","type":"post","link":"https:\/\/migracao.redenoticia.com.br\/noticia\/2009\/ministerio-da-saude-avisa-segunda-etapa-da-vacinacao-contra-polio-sera-em-setembro\/9128","title":{"rendered":"Minist\u00e9rio da Saude avisa: Segunda etapa da vacina\u00e7\u00e3o contra p\u00f3lio ser\u00e1 em setembro"},"content":{"rendered":"<p>O Minist\u00e9rio da Sa\u00fade refor\u00e7a o alerta \u00e0 popula\u00e7\u00e3o e aos profissionais de sa\u00fade: a segunda etapa da Campanha Nacional de Vacina\u00e7\u00e3o contra Poliomielite acontecer\u00e1 no dia 19 de setembro. Inicialmente prevista para 22 de agosto, a a\u00e7\u00e3o n\u00e3o ser\u00e1 prejudicada, apenas adiada em algumas semanas. A modifica\u00e7\u00e3o na data de realiza\u00e7\u00e3o da campanha n\u00e3o comprometer\u00e1 a sa\u00fade das crian\u00e7as nem o efeito protetor da vacina aplicada na primeira etapa da campanha, ocorrida em 20 de junho. Apenas o Piau\u00ed informou ao Minist\u00e9rio da Sa\u00fade que realizar\u00e1 a campanha neste s\u00e1bado (22).<\/p>\n<p>O adiamento foi feito para evitar uma sobrecarga ainda maior nos servi\u00e7os de aten\u00e7\u00e3o b\u00e1sica, que funcionam como porta de entrada para os pacientes com suspeita de gripe. Em setembro, a vacina\u00e7\u00e3o vai acontecer em um cen\u00e1rio mais tranq\u00fcilo, com os profissionais da sa\u00fade podendo priorizar o trabalho de prote\u00e7\u00e3o. A orienta\u00e7\u00e3o responde tamb\u00e9m a pedido de secretarias de sa\u00fade dos Estados mais afetados pelo atendimento a pacientes com sintomas de gripe.<\/p>\n<p>O Minist\u00e9rio da Sa\u00fade ressalta que nenhuma crian\u00e7a corre o risco de ser contaminada pelo v\u00edrus da poliomielite por conta da mudan\u00e7a da data da segunda etapa da vacina\u00e7\u00e3o. As crian\u00e7as que precisam tomar a dose de rotina \u2013 aplicada aos dois, quatro e seis meses de idade \u2013 devem se dirigir aos postos de sa\u00fade na data marcada no carn\u00ea de vacina\u00e7\u00e3o. O mesmo vale para beb\u00eas de 15 meses, que t\u00eam de<strong> <\/strong> tomar o primeiro refor\u00e7o da vacina.<\/p>\n<p>Crian\u00e7as que tenham menos de cinco anos e n\u00e3o se enquadrem nos casos acima devem aguardar o dia 19 para se vacinarem.\u00a0A segunda etapa da campanha nacional de imuniza\u00e7\u00e3o tem a meta de atingir cerca de 14,7 milh\u00f5es de crian\u00e7as \u2013 o que representa 95% das crian\u00e7as menores de cinco anos. A\u00a0primeira etapa foi realizada em 20 de junho e atingiu 95,7% do p\u00fablico alvo.<\/p>\n","protected":false},"excerpt":{"rendered":"<p>O Minist\u00e9rio da Sa\u00fade refor\u00e7a o alerta \u00e0 popula\u00e7\u00e3o e aos profissionais de sa\u00fade: a segunda etapa da Campanha Nacional de Vacina\u00e7\u00e3o contra Poliomielite acontecer\u00e1 no dia 19 de setembro. Inicialmente prevista para 22 de agosto, a a\u00e7\u00e3o n\u00e3o ser\u00e1 prejudicada, apenas adiada em algumas semanas. A modifica\u00e7\u00e3o na data de realiza\u00e7\u00e3o da campanha n\u00e3o [&hellip;]<\/p>\n","protected":false},"author":2,"featured_media":0,"comment_status":"open","ping_status":"open","sticky":false,"template":"","format":"standard","meta":{"tdm_status":"","tdm_grid_status":"","footnotes":""},"categories":[22,5],"tags":[],"class_list":{"0":"post-9128","1":"post","2":"type-post","3":"status-publish","4":"format-standard","6":"category-brasil","7":"category-saude-e-vida"},"_links":{"self":[{"href":"https:\/\/migracao.redenoticia.com.br\/noticia\/wp-json\/wp\/v2\/posts\/9128","targetHints":{"allow":["GET"]}}],"collection":[{"href":"https:\/\/migracao.redenoticia.com.br\/noticia\/wp-json\/wp\/v2\/posts"}],"about":[{"href":"https:\/\/migracao.redenoticia.com.br\/noticia\/wp-json\/wp\/v2\/types\/post"}],"author":[{"embeddable":true,"href":"https:\/\/migracao.redenoticia.com.br\/noticia\/wp-json\/wp\/v2\/users\/2"}],"replies":[{"embeddable":true,"href":"https:\/\/migracao.redenoticia.com.br\/noticia\/wp-json\/wp\/v2\/comments?post=9128"}],"version-history":[{"count":0,"href":"https:\/\/migracao.redenoticia.com.br\/noticia\/wp-json\/wp\/v2\/posts\/9128\/revisions"}],"wp:attachment":[{"href":"https:\/\/migracao.redenoticia.com.br\/noticia\/wp-json\/wp\/v2\/media?parent=9128"}],"wp:term":[{"taxonomy":"category","embeddable":true,"href":"https:\/\/migracao.redenoticia.com.br\/noticia\/wp-json\/wp\/v2\/categories?post=9128"},{"taxonomy":"post_tag","embeddable":true,"href":"https:\/\/migracao.redenoticia.com.br\/noticia\/wp-json\/wp\/v2\/tags?post=9128"}],"curies":[{"name":"wp","href":"https:\/\/api.w.org\/{rel}","templated":true}]}}