{"id":91338,"date":"2016-07-27T21:00:41","date_gmt":"2016-07-28T00:00:41","guid":{"rendered":"http:\/\/www.redenoticia.com.br\/noticia\/?p=91338"},"modified":"2016-07-27T14:12:14","modified_gmt":"2016-07-27T17:12:14","slug":"novela-a-garota-da-moto-resumo-2707-joana-descobre-que-pablo-nao-e-o-que-parece","status":"publish","type":"post","link":"https:\/\/migracao.redenoticia.com.br\/noticia\/2016\/novela-a-garota-da-moto-resumo-2707-joana-descobre-que-pablo-nao-e-o-que-parece\/91338","title":{"rendered":"Novela \u201cA Garota da Moto\u201d resumo 28\/07: Pablo tem um irm\u00e3o g\u00eameo"},"content":{"rendered":"<p><img loading=\"lazy\" decoding=\"async\" class=\"alignleft size-thumbnail wp-image-90196\" src=\"https:\/\/migracao.redenoticia.com.br\/noticia\/imagens\/A_Garota_da_Moto_SBT_Resumo_Novela-150x112.jpg\" alt=\"A_Garota_da_Moto_SBT_Resumo_Novela\" width=\"150\" height=\"112\" srcset=\"https:\/\/migracao.redenoticia.com.br\/noticia\/imagens\/A_Garota_da_Moto_SBT_Resumo_Novela-150x112.jpg 150w, https:\/\/migracao.redenoticia.com.br\/noticia\/imagens\/A_Garota_da_Moto_SBT_Resumo_Novela-265x198.jpg 265w\" sizes=\"auto, (max-width: 150px) 100vw, 150px\" \/><strong><em>Novela \u201cA Garota da Moto\u201d resumo 28\/07<\/em><\/strong>: a\u00a0Mot\u00f3polis vai ter que fechar se ningu\u00e9m for mais r\u00e1pido que Pablo, um motoboy enviado pela matriz. Joana, T\u00falio, Marley e todos os motoboys correm contra o tempo, mas parece que Pablo \u00e9 r\u00e1pido demais. Joana tem mais chance de vencer, mas perde tempo ao se envolver com outro problema. No fim, Joana descobre que Pablo n\u00e3o \u00e9 o que parece: ele \u00e9 r\u00e1pido porque tem um irm\u00e3o g\u00eameo e , por isso, faz tantas entregas.<\/p>\n<p>No cap\u00edtulo 012 (*), novela \u201cA garota da Mota\u201d, quinta-feira, 28 de julho \u2013 se ningu\u00e9m for mais r\u00e1pido que Pablo, um motoboy enviado pela matriz, a Mot\u00f3polis vai ter que fechar. Joana, T\u00falio, Marley, todos os motoboys correm contra o tempo, mas parece que Pablo \u00e9 r\u00e1pido demais.<\/p>\n<p>Joana, que \u00e9 quem tem mais chance de vencer, perde tempo ao se envolver com um outro problema: a misteriosa Dona Laura, que se revela uma pessoa totalmente diferente de quem ela \u00e9. Al\u00e9m disso, Reinaldo quase cai numa armadinha de Bernarda, que se faz passar por uma s\u00f3cia de Miguel (que Reinaldo e Joana n\u00e3o sabem que foi assassinado).<\/p>\n<p>No fim, Joana descobre que Pablo tamb\u00e9m n\u00e3o \u00e9 o que parece: ele \u00e9 r\u00e1pido porque na verdade tem um irm\u00e3o g\u00eameo, por isso faz tantas entregas.<\/p>\n<p>(*) edi\u00e7\u00e3o do SBT, Novela \u201cA Garota da Moto\u201d, sujeito a altera\u00e7\u00e3o de data e conte\u00fado.<\/p>\n","protected":false},"excerpt":{"rendered":"<p>Novela \u201cA Garota da Moto\u201d resumo 28\/07: a\u00a0Mot\u00f3polis vai ter que fechar se ningu\u00e9m for mais r\u00e1pido que Pablo, um motoboy enviado pela matriz. Joana, T\u00falio, Marley e todos os motoboys correm contra o tempo, mas parece que Pablo \u00e9 r\u00e1pido demais. Joana tem mais chance de vencer, mas perde tempo ao se envolver com [&hellip;]<\/p>\n","protected":false},"author":4,"featured_media":90196,"comment_status":"open","ping_status":"closed","sticky":false,"template":"","format":"standard","meta":{"tdm_status":"","tdm_grid_status":"","footnotes":""},"categories":[379,372,343],"tags":[441],"class_list":{"0":"post-91338","1":"post","2":"type-post","3":"status-publish","4":"format-standard","5":"has-post-thumbnail","7":"category-novelas","8":"category-sbt","9":"category-televisao","10":"tag-resumo-do-dia"},"_links":{"self":[{"href":"https:\/\/migracao.redenoticia.com.br\/noticia\/wp-json\/wp\/v2\/posts\/91338","targetHints":{"allow":["GET"]}}],"collection":[{"href":"https:\/\/migracao.redenoticia.com.br\/noticia\/wp-json\/wp\/v2\/posts"}],"about":[{"href":"https:\/\/migracao.redenoticia.com.br\/noticia\/wp-json\/wp\/v2\/types\/post"}],"author":[{"embeddable":true,"href":"https:\/\/migracao.redenoticia.com.br\/noticia\/wp-json\/wp\/v2\/users\/4"}],"replies":[{"embeddable":true,"href":"https:\/\/migracao.redenoticia.com.br\/noticia\/wp-json\/wp\/v2\/comments?post=91338"}],"version-history":[{"count":0,"href":"https:\/\/migracao.redenoticia.com.br\/noticia\/wp-json\/wp\/v2\/posts\/91338\/revisions"}],"wp:featuredmedia":[{"embeddable":true,"href":"https:\/\/migracao.redenoticia.com.br\/noticia\/wp-json\/wp\/v2\/media\/90196"}],"wp:attachment":[{"href":"https:\/\/migracao.redenoticia.com.br\/noticia\/wp-json\/wp\/v2\/media?parent=91338"}],"wp:term":[{"taxonomy":"category","embeddable":true,"href":"https:\/\/migracao.redenoticia.com.br\/noticia\/wp-json\/wp\/v2\/categories?post=91338"},{"taxonomy":"post_tag","embeddable":true,"href":"https:\/\/migracao.redenoticia.com.br\/noticia\/wp-json\/wp\/v2\/tags?post=91338"}],"curies":[{"name":"wp","href":"https:\/\/api.w.org\/{rel}","templated":true}]}}