{"id":91342,"date":"2016-07-27T19:30:11","date_gmt":"2016-07-27T22:30:11","guid":{"rendered":"http:\/\/www.redenoticia.com.br\/noticia\/?p=91342"},"modified":"2016-07-27T14:13:09","modified_gmt":"2016-07-27T17:13:09","slug":"novela-cumplices-de-um-resgate-resumo-2707-manuela-revela-para-rebeca-que-regina-e-responsavel-pelo-seu-sequestro","status":"publish","type":"post","link":"https:\/\/migracao.redenoticia.com.br\/noticia\/2016\/novela-cumplices-de-um-resgate-resumo-2707-manuela-revela-para-rebeca-que-regina-e-responsavel-pelo-seu-sequestro\/91342","title":{"rendered":"Novela \u201cC\u00famplices de um Resgate\u201d resumo 28\/07: Raul e Ot\u00e1vio descobrem a verdade"},"content":{"rendered":"<p><img loading=\"lazy\" decoding=\"async\" class=\"alignleft size-thumbnail wp-image-71351\" src=\"https:\/\/migracao.redenoticia.com.br\/noticia\/imagens\/cumplices_de_um_resgate_sbt_novela_resumo-150x112.jpg\" alt=\"cumplices_de_um_resgate_sbt_novela_resumo\" width=\"150\" height=\"112\" srcset=\"https:\/\/migracao.redenoticia.com.br\/noticia\/imagens\/cumplices_de_um_resgate_sbt_novela_resumo-150x112.jpg 150w, https:\/\/migracao.redenoticia.com.br\/noticia\/imagens\/cumplices_de_um_resgate_sbt_novela_resumo-265x198.jpg 265w\" sizes=\"auto, (max-width: 150px) 100vw, 150px\" \/><strong><em>Novela \u201cC\u00famplices de um Resgate\u201d resumo 28\/07<\/em><\/strong>:\u00a0Ot\u00e1vio encontra a enfermeira Marta Lobo e esta revela toda a verdade. Ela conta que Rebeca teve filhas g\u00eameas, mas que o m\u00e9dico tinha um acordo com uma pessoa e enganou Rebeca durante toda a gesta\u00e7\u00e3o, lhe fazendo pensar estar gr\u00e1vida apenas de uma crian\u00e7a. Raul tamb\u00e9m fica sabendo da verdade atrav\u00e9s de Marina, Of\u00e9lio e Laura. Ele liga para Ot\u00e1vio para contar a verdade. <\/p>\n<p>No cap\u00edtulo 259(*), novela \u201cC\u00famplice de um Resgate\u201d, quinta-feira, 28 de julho \u2013 o Padre avisa a pol\u00edcia que Regina conseguiu fugir. Isabela pensa em enviar um bilhete com Tumtum para avisar onde est\u00e1. Marina, Laura e Of\u00e9lio revelam para Raul tudo o que Regina fez durante esse tempo todo.<\/p>\n<p>A enfermeira Marta Lobo revela toda a verdade para Ot\u00e1vio e diz que Rebeca teve filhas g\u00eameas, mas que o m\u00e9dico tinha um acordo com uma pessoa e enganou Rebeca durante toda gesta\u00e7\u00e3o, lhe fazendo pensar estar gr\u00e1vida apenas de uma crian\u00e7a.<\/p>\n<p>Raul tamb\u00e9m fica sabendo da verdade atrav\u00e9s de Marina e liga para Ot\u00e1vio para contar a verdade. Tomas suborna Flora para que ela passe informa\u00e7\u00f5es sobre o que acontece na On-Enterprise para ele. Manuela revela para Rebeca que Regina \u00e9 respons\u00e1vel pelo seu sequestro.<\/p>\n<p>(*) edi\u00e7\u00e3o do SBT, Novela \u201cC\u00famplices de um Resgate\u201d, sujeito a altera\u00e7\u00e3o de data e conte\u00fado.<\/p>\n","protected":false},"excerpt":{"rendered":"<p>Novela \u201cC\u00famplices de um Resgate\u201d resumo 28\/07:\u00a0Ot\u00e1vio encontra a enfermeira Marta Lobo e esta revela toda a verdade. Ela conta que Rebeca teve filhas g\u00eameas, mas que o m\u00e9dico tinha um acordo com uma pessoa e enganou Rebeca durante toda a gesta\u00e7\u00e3o, lhe fazendo pensar estar gr\u00e1vida apenas de uma crian\u00e7a. Raul tamb\u00e9m fica sabendo [&hellip;]<\/p>\n","protected":false},"author":4,"featured_media":71351,"comment_status":"open","ping_status":"closed","sticky":false,"template":"","format":"standard","meta":{"tdm_status":"","tdm_grid_status":"","footnotes":""},"categories":[379,372,343],"tags":[441],"class_list":{"0":"post-91342","1":"post","2":"type-post","3":"status-publish","4":"format-standard","5":"has-post-thumbnail","7":"category-novelas","8":"category-sbt","9":"category-televisao","10":"tag-resumo-do-dia"},"_links":{"self":[{"href":"https:\/\/migracao.redenoticia.com.br\/noticia\/wp-json\/wp\/v2\/posts\/91342","targetHints":{"allow":["GET"]}}],"collection":[{"href":"https:\/\/migracao.redenoticia.com.br\/noticia\/wp-json\/wp\/v2\/posts"}],"about":[{"href":"https:\/\/migracao.redenoticia.com.br\/noticia\/wp-json\/wp\/v2\/types\/post"}],"author":[{"embeddable":true,"href":"https:\/\/migracao.redenoticia.com.br\/noticia\/wp-json\/wp\/v2\/users\/4"}],"replies":[{"embeddable":true,"href":"https:\/\/migracao.redenoticia.com.br\/noticia\/wp-json\/wp\/v2\/comments?post=91342"}],"version-history":[{"count":0,"href":"https:\/\/migracao.redenoticia.com.br\/noticia\/wp-json\/wp\/v2\/posts\/91342\/revisions"}],"wp:featuredmedia":[{"embeddable":true,"href":"https:\/\/migracao.redenoticia.com.br\/noticia\/wp-json\/wp\/v2\/media\/71351"}],"wp:attachment":[{"href":"https:\/\/migracao.redenoticia.com.br\/noticia\/wp-json\/wp\/v2\/media?parent=91342"}],"wp:term":[{"taxonomy":"category","embeddable":true,"href":"https:\/\/migracao.redenoticia.com.br\/noticia\/wp-json\/wp\/v2\/categories?post=91342"},{"taxonomy":"post_tag","embeddable":true,"href":"https:\/\/migracao.redenoticia.com.br\/noticia\/wp-json\/wp\/v2\/tags?post=91342"}],"curies":[{"name":"wp","href":"https:\/\/api.w.org\/{rel}","templated":true}]}}