{"id":9139,"date":"2009-08-19T12:55:13","date_gmt":"2009-08-19T16:55:13","guid":{"rendered":"http:\/\/www.redenoticia.com.br\/noticia\/?p=9139"},"modified":"2009-08-20T17:03:00","modified_gmt":"2009-08-20T21:03:00","slug":"shopping-metro-tatuape-apresenta-verao-2010-com-sabrina-sato-e-malvino-salvador","status":"publish","type":"post","link":"https:\/\/migracao.redenoticia.com.br\/noticia\/2009\/shopping-metro-tatuape-apresenta-verao-2010-com-sabrina-sato-e-malvino-salvador\/9139","title":{"rendered":"Shopping Metr\u00f4 Tatuap\u00e9 apresenta Ver\u00e3o 2010 com Sabrina Sato e Malvino Salvador"},"content":{"rendered":"<p>S\u00e3o Paulo, agosto de 2009 &#8211; Inspirada em famosos eventos de moda, a 5\u00aa Edi\u00e7\u00e3o do Tatuap\u00e9 Collection promete transformar a Pra\u00e7a de Eventos do Shopping Metr\u00f4 Tatuap\u00e9 em uma verdadeira passarela. Nos dias 31 de agosto e 01 de setembro, os visitantes do empreendimento poder\u00e3o conferir desfiles exclusivos que ir\u00e3o mostrar as principais tend\u00eancias do mundo fashion para o ver\u00e3o de 2010. O evento contar\u00e1 com a participa\u00e7\u00e3o das estrelas Sabrina Sato, apresentadora do programa P\u00e2nico na TV, da Rede TV!, e Malvino Salvador, protagonista da novela Caras e Bocas, da TV Globo.\u00a0<\/p>\n<p>Com produ\u00e7\u00e3o da Cia Paulista de Moda, a 5\u00aa Edi\u00e7\u00e3o do Tatuap\u00e9 Collection acontece em tr\u00eas hor\u00e1rios &#8211; 15h, 17h e 19h &#8211; e conta com desfiles de 55 lojas do empreendimento.&#8221;Disponibilizamos dois formatos de desfiles para que todos possam participar. Sabemos da import\u00e2ncia do evento para n\u00f3s e para nossos lojistas, j\u00e1 que, al\u00e9m de ajudar a tornar o Shopping Metro Tatuap\u00e9 refer\u00eancia em moda na regi\u00e3o, a a\u00e7\u00e3o amplia as vendas e nosso fluxo de pessoas&#8221;, revela Flavia Teg\u00e3o, gerente de marketing do Shopping Metr\u00f4 Tatuap\u00e9.<\/p>\n<p>O evento j\u00e1 contou com participa\u00e7\u00f5es de personalidades como Cau\u00e3 Reymond, Deborah Secco, Rodrigo Hilbert, entre outros famosos. &#8220;O sucesso dos desfiles \u00e9 tanto, que, em alguns casos, as lojas participantes ficam sem estoque das pe\u00e7as. As pessoas se inspiram nas celebridades e, por esse motivo, a escolha das estrelas \u00e9 muito importante para n\u00f3s, assim como a sele\u00e7\u00e3o da nossa garota propaganda, a atriz Grazi Massafera&#8221;, completa a executiva.<\/p>\n<p>Outro fator importante \u00e9 que, al\u00e9m de apresentar as tend\u00eancias do mundo da moda, o evento \u00e9 um grande gerador de empregos tempor\u00e1rios. Ao todo, s\u00e3o mais de 100 pessoas que trabalham na produ\u00e7\u00e3o da a\u00e7\u00e3o, entre maquiadores, produtores, modelos, entre outros profissionais.<\/p>\n","protected":false},"excerpt":{"rendered":"<p>S\u00e3o Paulo, agosto de 2009 &#8211; Inspirada em famosos eventos de moda, a 5\u00aa Edi\u00e7\u00e3o do Tatuap\u00e9 Collection promete transformar a Pra\u00e7a de Eventos do Shopping Metr\u00f4 Tatuap\u00e9 em uma verdadeira passarela. Nos dias 31 de agosto e 01 de setembro, os visitantes do empreendimento poder\u00e3o conferir desfiles exclusivos que ir\u00e3o mostrar as principais tend\u00eancias [&hellip;]<\/p>\n","protected":false},"author":3,"featured_media":0,"comment_status":"open","ping_status":"open","sticky":false,"template":"","format":"standard","meta":{"tdm_status":"","tdm_grid_status":"","footnotes":""},"categories":[22,343],"tags":[],"class_list":{"0":"post-9139","1":"post","2":"type-post","3":"status-publish","4":"format-standard","6":"category-brasil","7":"category-televisao"},"_links":{"self":[{"href":"https:\/\/migracao.redenoticia.com.br\/noticia\/wp-json\/wp\/v2\/posts\/9139","targetHints":{"allow":["GET"]}}],"collection":[{"href":"https:\/\/migracao.redenoticia.com.br\/noticia\/wp-json\/wp\/v2\/posts"}],"about":[{"href":"https:\/\/migracao.redenoticia.com.br\/noticia\/wp-json\/wp\/v2\/types\/post"}],"author":[{"embeddable":true,"href":"https:\/\/migracao.redenoticia.com.br\/noticia\/wp-json\/wp\/v2\/users\/3"}],"replies":[{"embeddable":true,"href":"https:\/\/migracao.redenoticia.com.br\/noticia\/wp-json\/wp\/v2\/comments?post=9139"}],"version-history":[{"count":0,"href":"https:\/\/migracao.redenoticia.com.br\/noticia\/wp-json\/wp\/v2\/posts\/9139\/revisions"}],"wp:attachment":[{"href":"https:\/\/migracao.redenoticia.com.br\/noticia\/wp-json\/wp\/v2\/media?parent=9139"}],"wp:term":[{"taxonomy":"category","embeddable":true,"href":"https:\/\/migracao.redenoticia.com.br\/noticia\/wp-json\/wp\/v2\/categories?post=9139"},{"taxonomy":"post_tag","embeddable":true,"href":"https:\/\/migracao.redenoticia.com.br\/noticia\/wp-json\/wp\/v2\/tags?post=9139"}],"curies":[{"name":"wp","href":"https:\/\/api.w.org\/{rel}","templated":true}]}}