{"id":91390,"date":"2016-07-27T21:30:00","date_gmt":"2016-07-28T00:30:00","guid":{"rendered":"http:\/\/www.redenoticia.com.br\/noticia\/?p=91390"},"modified":"2016-07-27T16:12:59","modified_gmt":"2016-07-27T19:12:59","slug":"novela-liberdade-liberdade-resumo-2707-joaquinarosa-decide-dar-um-jeito-de-libertar-seu-amado","status":"publish","type":"post","link":"https:\/\/migracao.redenoticia.com.br\/noticia\/2016\/novela-liberdade-liberdade-resumo-2707-joaquinarosa-decide-dar-um-jeito-de-libertar-seu-amado\/91390","title":{"rendered":"Novela \u201cLiberdade, Liberdade\u201d resumo 28\/07: Joaquina decide libertar Xavier"},"content":{"rendered":"<p><img loading=\"lazy\" decoding=\"async\" class=\"alignleft size-thumbnail wp-image-84052\" src=\"https:\/\/migracao.redenoticia.com.br\/noticia\/imagens\/novela_liberdade_globo_resumo-150x112.jpg\" alt=\"novela_liberdade_globo_resumo\" width=\"150\" height=\"112\" srcset=\"https:\/\/migracao.redenoticia.com.br\/noticia\/imagens\/novela_liberdade_globo_resumo-150x112.jpg 150w, https:\/\/migracao.redenoticia.com.br\/noticia\/imagens\/novela_liberdade_globo_resumo-265x198.jpg 265w\" sizes=\"auto, (max-width: 150px) 100vw, 150px\" \/><strong><em>Novela \u201cLiberdade, Liberdade\u201d resumo 28\/07:<\/em><\/strong> Xavier invade a casa de\u00a0Rubi\u00e3o e conversa \u00e0s escondidas com Joaquina\/Rosa. Os dois se encaram com olhar apaixonado e acabam por se beijar. Ela, contudo, diz que agora \u00e9 uma mulher casada e pede para o revolucion\u00e1rio ir embora. Xavier, ent\u00e3o, alerta sobre o perigo que ela est\u00e1 a correr nas m\u00e3os do marido e revela que o Intendente mandou matar a pr\u00f3pria m\u00e3e. Joaquina\/Rosa pensa em fugir com Xavier, mas Ventura rende o rapaz, que acaba preso pela Intend\u00eancia. Com ajuda dos carcereiros, Rubi\u00e3o d\u00e1 uma surra no rival. Joaquina\/Rosa decide dar um jeito de libertar seu amado. Ent\u00e3o, ela rouba as chaves das celas e invade a cadeia para tir\u00e1-lo de l\u00e1. Mas seu plano n\u00e3o d\u00e1 certo. Joaquina\/Rosa \u00e9 flagrada pelo intendente na hora em que estava entregando as chaves a Xavier.<\/p>\n<p>No cap\u00edtulo 063 (*), novela \u201cLiberdade, Liberdade\u201d, quinta-feira, 28 de julho \u2013 Xavier revela a Joaquina\/Rosa que Rubi\u00e3o conspirou contra a vida de Virg\u00ednia.<\/p>\n<p>Joaquina\/Rosa pensa em fugir com Xavier, mas Ventura rende o rapaz, que acaba preso pela Intend\u00eancia. Rubi\u00e3o ordena que Anita vigie Joaquina\/Rosa. Caldeira avisa a Omar sobre a pris\u00e3o de Xavier. Brites e Matias s\u00e3o presos. M\u00e3o de Luva, Virg\u00ednia e Sim\u00e3o tramam a liberta\u00e7\u00e3o de Xavier.<\/p>\n<p>Anita descobre o livro de Tiradentes nos pertences de Joaquina\/Rosa. Rubi\u00e3o flagra a esposa tentando ajudar Xavier a fugir.<\/p>\n<p>(*) edi\u00e7\u00e3o da Rede Globo, Novela \u201cLiberdade, Liberdade\u201d, sujeito a altera\u00e7\u00e3o de data e conte\u00fado.<\/p>\n","protected":false},"excerpt":{"rendered":"<p>Novela \u201cLiberdade, Liberdade\u201d resumo 28\/07: Xavier invade a casa de\u00a0Rubi\u00e3o e conversa \u00e0s escondidas com Joaquina\/Rosa. Os dois se encaram com olhar apaixonado e acabam por se beijar. Ela, contudo, diz que agora \u00e9 uma mulher casada e pede para o revolucion\u00e1rio ir embora. Xavier, ent\u00e3o, alerta sobre o perigo que ela est\u00e1 a correr [&hellip;]<\/p>\n","protected":false},"author":4,"featured_media":84052,"comment_status":"open","ping_status":"closed","sticky":false,"template":"","format":"standard","meta":{"tdm_status":"","tdm_grid_status":"","footnotes":""},"categories":[379,375,343],"tags":[441],"class_list":{"0":"post-91390","1":"post","2":"type-post","3":"status-publish","4":"format-standard","5":"has-post-thumbnail","7":"category-novelas","8":"category-rede-globo","9":"category-televisao","10":"tag-resumo-do-dia"},"_links":{"self":[{"href":"https:\/\/migracao.redenoticia.com.br\/noticia\/wp-json\/wp\/v2\/posts\/91390","targetHints":{"allow":["GET"]}}],"collection":[{"href":"https:\/\/migracao.redenoticia.com.br\/noticia\/wp-json\/wp\/v2\/posts"}],"about":[{"href":"https:\/\/migracao.redenoticia.com.br\/noticia\/wp-json\/wp\/v2\/types\/post"}],"author":[{"embeddable":true,"href":"https:\/\/migracao.redenoticia.com.br\/noticia\/wp-json\/wp\/v2\/users\/4"}],"replies":[{"embeddable":true,"href":"https:\/\/migracao.redenoticia.com.br\/noticia\/wp-json\/wp\/v2\/comments?post=91390"}],"version-history":[{"count":0,"href":"https:\/\/migracao.redenoticia.com.br\/noticia\/wp-json\/wp\/v2\/posts\/91390\/revisions"}],"wp:featuredmedia":[{"embeddable":true,"href":"https:\/\/migracao.redenoticia.com.br\/noticia\/wp-json\/wp\/v2\/media\/84052"}],"wp:attachment":[{"href":"https:\/\/migracao.redenoticia.com.br\/noticia\/wp-json\/wp\/v2\/media?parent=91390"}],"wp:term":[{"taxonomy":"category","embeddable":true,"href":"https:\/\/migracao.redenoticia.com.br\/noticia\/wp-json\/wp\/v2\/categories?post=91390"},{"taxonomy":"post_tag","embeddable":true,"href":"https:\/\/migracao.redenoticia.com.br\/noticia\/wp-json\/wp\/v2\/tags?post=91390"}],"curies":[{"name":"wp","href":"https:\/\/api.w.org\/{rel}","templated":true}]}}