{"id":91392,"date":"2016-07-27T21:00:42","date_gmt":"2016-07-28T00:00:42","guid":{"rendered":"http:\/\/www.redenoticia.com.br\/noticia\/?p=91392"},"modified":"2016-07-27T16:17:17","modified_gmt":"2016-07-27T19:17:17","slug":"novela-velho-chico-resumo-2707-afranio-fica-uma-fera-com-a-derrota-politica","status":"publish","type":"post","link":"https:\/\/migracao.redenoticia.com.br\/noticia\/2016\/novela-velho-chico-resumo-2707-afranio-fica-uma-fera-com-a-derrota-politica\/91392","title":{"rendered":"Novela \u201cVelho Chico\u201d resumo 28\/07: Afr\u00e2nio fica uma fera com derrota pol\u00edtica"},"content":{"rendered":"<p><img loading=\"lazy\" decoding=\"async\" class=\"alignleft size-thumbnail wp-image-82169\" src=\"https:\/\/migracao.redenoticia.com.br\/noticia\/imagens\/velho_chico_novela_resumo_globo-150x112.jpg\" alt=\"velho_chico_novela_resumo_globo\" width=\"150\" height=\"112\" srcset=\"https:\/\/migracao.redenoticia.com.br\/noticia\/imagens\/velho_chico_novela_resumo_globo-150x112.jpg 150w, https:\/\/migracao.redenoticia.com.br\/noticia\/imagens\/velho_chico_novela_resumo_globo-265x198.jpg 265w\" sizes=\"auto, (max-width: 150px) 100vw, 150px\" \/><strong><em>Novela \u201cVelho Chico\u201d resumo 28\/07<\/em><\/strong>: Bento fica todo machucado devido a surra que levou por investigar um esquema de corrup\u00e7\u00e3o na regi\u00e3o. O vereador recebe a ajuda de Martim, Beatriz e Santo para convocar a popula\u00e7\u00e3o a protestar na c\u00e2mara e reivindicar seus direitos. Afr\u00e2nio e Raimundo se preocupam. Os vereadores, com medo de Afr\u00e2nio, come\u00e7am a sair, mas os moradores da cidade fazem um cord\u00e3o ao redor deles. Os pol\u00edticos tentam cruzar o isolamento para tomarem seus rumos, s\u00f3 que n\u00e3o conseguem. Obrigados pela press\u00e3o popular, os vereadores retornam e come\u00e7am a vota\u00e7\u00e3o. Assim, o projeto \u00e9 aprovado e Afr\u00e2nio fica uma fera com a derrota pol\u00edtica.<\/p>\n<p>No cap\u00edtulo 118(*), novela \u201cVelho Chico\u201d, quinta-feira, 28 de julho \u2013 Santo, Beatriz e Bento lideram um levante popular na C\u00e2mara dos Vereadores. Afr\u00e2nio e Raimundo se preocupam. Miguel e Ol\u00edvia conversam sobre seus sentimentos. Luzia desabafa sobre Santo com Piedade.<\/p>\n<p>Iolanda entrega documentos de Afr\u00e2nio a Tereza. Luzia e Tereza brigam e Miguel interfere. Miguel incentiva Tereza a n\u00e3o abandonar a fazenda para proteger os produtores de Afr\u00e2nio. Ol\u00edvia consola Luzia.<\/p>\n<p>O projeto pol\u00edtico de Bento \u00e9 aprovado ap\u00f3s a press\u00e3o popular. Sophie e Lucas se aproximam. Tereza pede para conversar com Afr\u00e2nio.<\/p>\n<p>(*) edi\u00e7\u00e3o da Rede Globo, Novela \u201cVelho Chico\u201d, sujeito a altera\u00e7\u00e3o de data e conte\u00fado.<\/p>\n","protected":false},"excerpt":{"rendered":"<p>Novela \u201cVelho Chico\u201d resumo 28\/07: Bento fica todo machucado devido a surra que levou por investigar um esquema de corrup\u00e7\u00e3o na regi\u00e3o. O vereador recebe a ajuda de Martim, Beatriz e Santo para convocar a popula\u00e7\u00e3o a protestar na c\u00e2mara e reivindicar seus direitos. Afr\u00e2nio e Raimundo se preocupam. Os vereadores, com medo de Afr\u00e2nio, [&hellip;]<\/p>\n","protected":false},"author":4,"featured_media":82169,"comment_status":"open","ping_status":"closed","sticky":false,"template":"","format":"standard","meta":{"tdm_status":"","tdm_grid_status":"","footnotes":""},"categories":[379,375,343],"tags":[441],"class_list":{"0":"post-91392","1":"post","2":"type-post","3":"status-publish","4":"format-standard","5":"has-post-thumbnail","7":"category-novelas","8":"category-rede-globo","9":"category-televisao","10":"tag-resumo-do-dia"},"_links":{"self":[{"href":"https:\/\/migracao.redenoticia.com.br\/noticia\/wp-json\/wp\/v2\/posts\/91392","targetHints":{"allow":["GET"]}}],"collection":[{"href":"https:\/\/migracao.redenoticia.com.br\/noticia\/wp-json\/wp\/v2\/posts"}],"about":[{"href":"https:\/\/migracao.redenoticia.com.br\/noticia\/wp-json\/wp\/v2\/types\/post"}],"author":[{"embeddable":true,"href":"https:\/\/migracao.redenoticia.com.br\/noticia\/wp-json\/wp\/v2\/users\/4"}],"replies":[{"embeddable":true,"href":"https:\/\/migracao.redenoticia.com.br\/noticia\/wp-json\/wp\/v2\/comments?post=91392"}],"version-history":[{"count":0,"href":"https:\/\/migracao.redenoticia.com.br\/noticia\/wp-json\/wp\/v2\/posts\/91392\/revisions"}],"wp:featuredmedia":[{"embeddable":true,"href":"https:\/\/migracao.redenoticia.com.br\/noticia\/wp-json\/wp\/v2\/media\/82169"}],"wp:attachment":[{"href":"https:\/\/migracao.redenoticia.com.br\/noticia\/wp-json\/wp\/v2\/media?parent=91392"}],"wp:term":[{"taxonomy":"category","embeddable":true,"href":"https:\/\/migracao.redenoticia.com.br\/noticia\/wp-json\/wp\/v2\/categories?post=91392"},{"taxonomy":"post_tag","embeddable":true,"href":"https:\/\/migracao.redenoticia.com.br\/noticia\/wp-json\/wp\/v2\/tags?post=91392"}],"curies":[{"name":"wp","href":"https:\/\/api.w.org\/{rel}","templated":true}]}}